{"id":125391,"date":"2025-10-25T05:09:12","date_gmt":"2025-10-25T05:09:12","guid":{"rendered":"https:\/\/www.europesays.com\/pt\/125391\/"},"modified":"2025-10-25T05:09:12","modified_gmt":"2025-10-25T05:09:12","slug":"maratona-e-meia-maratona-condicionam-vias","status":"publish","type":"post","link":"https:\/\/www.europesays.com\/pt\/125391\/","title":{"rendered":"Maratona e Meia Maratona Condicionam Vias"},"content":{"rendered":"<p>Maratona de Lisboa estreia novo percurso com recorde de 15.000 atletas<\/p>\n<p>A Maratona de Lisboa vai estrear j\u00e1 este s\u00e1bado um novo percurso de 42 km, com partida em Carcavelos, passagem pelo Concelho de Oeiras e chegada a Lisboa, numa prova que contar\u00e1 com cerca de 15 mil atletas.<\/p>\n<p>A prova oficial do calend\u00e1rio da Federa\u00e7\u00e3o Internacional de Atletismo, apresentada esta sexta-feira, vai trazer \u201cum n\u00famero nunca antes visto\u201d \u00e0 capital portuguesa, segundo Carlos M\u00f3ia, presidente executivo do Maratona Clube de Portugal, gra\u00e7as a uma parceria com a Maratona de Londres.<\/p>\n<p>\u201cA Maratona de Lisboa tem um percurso novo e pela primeira vez na hist\u00f3ria das maratonas em Portugal temos inscri\u00e7\u00f5es \u00e0 volta das 15 mil pessoas. T\u00ednhamos h\u00e1 anos cerca de sete mil inscritos, mas este aumento deve-se \u00e0 grande parceria que fizemos com a Maratona de Londres, que, para 55 mil atletas, tem mais de um milh\u00e3o de inscri\u00e7\u00f5es&#8221;, destacou o dirigente.<\/p>\n<p>Carlos M\u00f3ia sublinhou que a concretiza\u00e7\u00e3o da parceria foi muito dif\u00edcil, &#8220;porque a Maratona de Londres \u00e9 muito exigente e isso obrigou a fechar as inscri\u00e7\u00f5es nas 15 mil pessoas&#8221;.<\/p>\n<p>&#8220;Temos que ter muito cuidado, porque isto \u00e9 um salto para o dobro de atletas, e por isso alter\u00e1mos o percurso, que come\u00e7ar\u00e1 agora junto da Nova SBE, em Carcavelos\u201d, explicou o respons\u00e1vel da organiza\u00e7\u00e3o.<\/p>\n<p>A partida da Maratona de Lisboa est\u00e1 agendada para as 08:00 de s\u00e1bado, seguindo a prova para Cascais e depois para a Pra\u00e7a do Com\u00e9rcio, num trajeto sempre junto ao mar e que une os munic\u00edpios de Cascais, Oeiras e Lisboa, todos representados na confer\u00eancia de apresenta\u00e7\u00e3o do evento.<\/p>\n<p>\u201cEste \u00e9 um apoio brutal da Maratona de Londres, que nos vai levar a um patamar muito superior, passando a pertencer \u00e0s grandes maratonas da Europa\u201d, acrescentou o presidente executivo do Maratona Clube de Portugal, revelando ter a Meia Maratona, marcada para domingo, tamb\u00e9m atingido o limite de inscri\u00e7\u00f5es.<\/p>\n<p>Entre os 32 mil atletas inscritos nas duas provas, destaque nos 42 km para os et\u00edopes Gadisa Birhanu Shumie (2:04:59, em Sevilha, em 2023) e Betesfa Getahun (2:05:28, em Amesterd\u00e3o, em 2019), ambos com registos melhores do que o m\u00e1ximo da prova lisboeta de Andualem Belay Shiferaw (2:05:45, em 2022).<\/p>\n<p>Nas senhoras, a melhor marca do percurso antigo est\u00e1 em 2:24:13 desde 2016 e, este ano, h\u00e1 tr\u00eas atletas com o m\u00e1ximo pessoal abaixo desse registo, nomeadamente Tadelech Bekele (2:21:40, Londres 2018), Meseret Dinke (2:22:52, Abu Dhabi 2022) e Abebech Afework (2:23:33, Dubai 2015).<\/p>\n<p>Entre os representantes nacionais, que v\u00e3o disputar a Meia Maratona com partida no domingo da Ponte Vasco da Gama e meta na Pra\u00e7a do Com\u00e9rcio, Rui Pinto e Susana Santos regressam \u00e0 competi\u00e7\u00e3o, ap\u00f3s o Mundial de T\u00f3quio.<\/p>\n<p>\u201cEm T\u00f3quio, as condi\u00e7\u00f5es estavam muito dif\u00edceis, muito quente, muita humidade, mas a transi\u00e7\u00e3o est\u00e1 a ser muito melhor do que estava \u00e0 espera. Estou bem e com algumas expectativas. Quero fazer a melhor classifica\u00e7\u00e3o poss\u00edvel, correr o mais r\u00e1pido poss\u00edvel e sentir-me bem\u201d, comentou o atleta portugu\u00eas.<\/p>\n<p>J\u00e1 Susana Santos, que vai contar com a companhia da compatriota Solange Jesus e da sul-africana Glenrose Xaba (1:08:37), recordista nacional da maratona que em Lisboa tentar\u00e1 bater tamb\u00e9m o m\u00e1ximo do seu pa\u00eds na &#8216;meia&#8217; (1:06:44), espera fazer na prova portuguesa \u201ca melhor marca desta \u00e9poca.\u201d<\/p>\n","protected":false},"excerpt":{"rendered":"Maratona de Lisboa estreia novo percurso com recorde de 15.000 atletas A Maratona de Lisboa vai estrear j\u00e1&hellip;\n","protected":false},"author":2,"featured_media":125392,"comment_status":"","ping_status":"","sticky":false,"template":"","format":"standard","meta":{"footnotes":""},"categories":[87],"tags":[4644,135,797,28816,28815,5663,32,33,134],"class_list":{"0":"post-125391","1":"post","2":"type-post","3":"status-publish","4":"format-standard","5":"has-post-thumbnail","7":"category-desporto","8":"tag-cascais","9":"tag-desporto","10":"tag-lisboa","11":"tag-maratona-de-lisboa","12":"tag-meia-maratona-de-lisboa","13":"tag-oeiras","14":"tag-portugal","15":"tag-pt","16":"tag-sports"},"share_on_mastodon":{"url":"https:\/\/pubeurope.com\/@pt\/115433082935441300","error":""},"_links":{"self":[{"href":"https:\/\/www.europesays.com\/pt\/wp-json\/wp\/v2\/posts\/125391","targetHints":{"allow":["GET"]}}],"collection":[{"href":"https:\/\/www.europesays.com\/pt\/wp-json\/wp\/v2\/posts"}],"about":[{"href":"https:\/\/www.europesays.com\/pt\/wp-json\/wp\/v2\/types\/post"}],"author":[{"embeddable":true,"href":"https:\/\/www.europesays.com\/pt\/wp-json\/wp\/v2\/users\/2"}],"replies":[{"embeddable":true,"href":"https:\/\/www.europesays.com\/pt\/wp-json\/wp\/v2\/comments?post=125391"}],"version-history":[{"count":0,"href":"https:\/\/www.europesays.com\/pt\/wp-json\/wp\/v2\/posts\/125391\/revisions"}],"wp:featuredmedia":[{"embeddable":true,"href":"https:\/\/www.europesays.com\/pt\/wp-json\/wp\/v2\/media\/125392"}],"wp:attachment":[{"href":"https:\/\/www.europesays.com\/pt\/wp-json\/wp\/v2\/media?parent=125391"}],"wp:term":[{"taxonomy":"category","embeddable":true,"href":"https:\/\/www.europesays.com\/pt\/wp-json\/wp\/v2\/categories?post=125391"},{"taxonomy":"post_tag","embeddable":true,"href":"https:\/\/www.europesays.com\/pt\/wp-json\/wp\/v2\/tags?post=125391"}],"curies":[{"name":"wp","href":"https:\/\/api.w.org\/{rel}","templated":true}]}}