{"id":125393,"date":"2025-10-25T05:11:13","date_gmt":"2025-10-25T05:11:13","guid":{"rendered":"https:\/\/www.europesays.com\/pt\/125393\/"},"modified":"2025-10-25T05:11:13","modified_gmt":"2025-10-25T05:11:13","slug":"ha-volta-a-dar-ou-nao-ainda-pensas-nele-sonia-jesus-responde-sobre-separacao-de-vitor-soares","status":"publish","type":"post","link":"https:\/\/www.europesays.com\/pt\/125393\/","title":{"rendered":"&#8220;H\u00e1 volta a dar ou n\u00e3o? Ainda pensas nele?&#8221;. S\u00f3nia Jesus responde sobre separa\u00e7\u00e3o de V\u00edtor Soares"},"content":{"rendered":"<p>Depois do <a href=\"https:\/\/www.hiper.fm\/sonia-jesus-confirma-separacao-de-vitor-soares-as-pessoas-querem-saber-o-porque\/\" target=\"_blank\" rel=\"noopener nofollow\">primeiro excerto<\/a> divulgado no programa \u2018Tarde das Estrelas\u2019, da CMTV, desta quinta-feira, 23 de outubro, a entrevista que L\u00e9o Caeiro fez a S\u00f3nia Jesus, sobre a separa\u00e7\u00e3o de V\u00edtor Soares e n\u00e3o s\u00f3, foi transmitida no \u2018Manh\u00e3 CM\u2019 desta sexta-feira, dia 24.<\/p>\n<p>Na loja de S\u00f3nia, no Porto, o comentador come\u00e7ou por questionar: \u201c<strong>Como \u00e9 que tu est\u00e1s? Est\u00e1s feliz?<\/strong>\u201c. A ex-concorrente do Big Brother respondeu: \u201c<strong>Estou com muitos objetivos, estou focada e estou com muitos objetivos. A felicidade constr\u00f3i-se, aos poucos<\/strong>\u201c.<\/p>\n<p>L\u00e9o Caeiro colocou uma segunda quest\u00e3o: \u201c<strong>Mas neste momento sentes-te bem?<\/strong>\u201c. S\u00f3nia confirmou: \u201c<strong>Sinto-me bem<\/strong>\u201c. Questionada sobre como est\u00e1 o seu cora\u00e7\u00e3o neste momento, a rea\u00e7\u00e3o foi perent\u00f3ria: \u201c<strong>Leve, tranquilo, em paz. A felicidade vai-se construindo<\/strong>\u201c.<\/p>\n<p>Depois, L\u00e9o Caeiro foi mais incisivo: \u201c<strong>H\u00e1 volta a dar ou n\u00e3o? Mas ainda pensas nele ou n\u00e3o?<\/strong>\u201c. S\u00f3nia assegurou: \u201c<strong>N\u00e3o te quero responder a isso. Isso \u00e9 muito pessoal, isso s\u00e3o perguntas muito pessoais que n\u00e3o te vou responder<\/strong>\u201c.<\/p>\n<p>S\u00f3nia Jesus garantiu que o mais importante neste momento \u00e9 \u201c<strong>manter o respeito entre ambos<\/strong>\u201c: \u201c<strong>Preciso de fazer o meu luto? Preciso de estar em paz, \u00e9 o mais importante, \u00e9 eu estar focada nos meus objetivos, na minha loja. Acredito que o Vit\u00f3 tamb\u00e9m esteja focado nos seus objetivos e \u00e9 um dia de cada vez e vai-se vivendo<\/strong>\u201c, explicou.<\/p>\n","protected":false},"excerpt":{"rendered":"Depois do primeiro excerto divulgado no programa \u2018Tarde das Estrelas\u2019, da CMTV, desta quinta-feira, 23 de outubro, a&hellip;\n","protected":false},"author":2,"featured_media":125394,"comment_status":"","ping_status":"","sticky":false,"template":"","format":"standard","meta":{"footnotes":""},"categories":[85],"tags":[12303,1661,114,115,32,33,1252,20528,25099],"class_list":{"0":"post-125393","1":"post","2":"type-post","3":"status-publish","4":"format-standard","5":"has-post-thumbnail","7":"category-entretenimento","8":"tag-responde","9":"tag-destaque","10":"tag-entertainment","11":"tag-entretenimento","12":"tag-portugal","13":"tag-pt","14":"tag-separau00e7u00e3o","15":"tag-sonia-jesus","16":"tag-vitor-soares"},"share_on_mastodon":{"url":"https:\/\/pubeurope.com\/@pt\/115433090746768338","error":""},"_links":{"self":[{"href":"https:\/\/www.europesays.com\/pt\/wp-json\/wp\/v2\/posts\/125393","targetHints":{"allow":["GET"]}}],"collection":[{"href":"https:\/\/www.europesays.com\/pt\/wp-json\/wp\/v2\/posts"}],"about":[{"href":"https:\/\/www.europesays.com\/pt\/wp-json\/wp\/v2\/types\/post"}],"author":[{"embeddable":true,"href":"https:\/\/www.europesays.com\/pt\/wp-json\/wp\/v2\/users\/2"}],"replies":[{"embeddable":true,"href":"https:\/\/www.europesays.com\/pt\/wp-json\/wp\/v2\/comments?post=125393"}],"version-history":[{"count":0,"href":"https:\/\/www.europesays.com\/pt\/wp-json\/wp\/v2\/posts\/125393\/revisions"}],"wp:featuredmedia":[{"embeddable":true,"href":"https:\/\/www.europesays.com\/pt\/wp-json\/wp\/v2\/media\/125394"}],"wp:attachment":[{"href":"https:\/\/www.europesays.com\/pt\/wp-json\/wp\/v2\/media?parent=125393"}],"wp:term":[{"taxonomy":"category","embeddable":true,"href":"https:\/\/www.europesays.com\/pt\/wp-json\/wp\/v2\/categories?post=125393"},{"taxonomy":"post_tag","embeddable":true,"href":"https:\/\/www.europesays.com\/pt\/wp-json\/wp\/v2\/tags?post=125393"}],"curies":[{"name":"wp","href":"https:\/\/api.w.org\/{rel}","templated":true}]}}