{"id":125402,"date":"2025-10-25T05:25:19","date_gmt":"2025-10-25T05:25:19","guid":{"rendered":"https:\/\/www.europesays.com\/pt\/125402\/"},"modified":"2025-10-25T05:25:19","modified_gmt":"2025-10-25T05:25:19","slug":"nao-enviarem-uma-prenda-foi-uma-forma-de-ensinar","status":"publish","type":"post","link":"https:\/\/www.europesays.com\/pt\/125402\/","title":{"rendered":"\u201cN\u00e3o enviarem uma prenda foi uma forma de ensinar\u201d"},"content":{"rendered":"<p>Z\u00e9 reage \u00e0 decis\u00e3o da fam\u00edlia e fala sobre Liliana no <a href=\"https:\/\/tvi.iol.pt\/secretstory\" rel=\"nofollow noopener\" target=\"_blank\">Secret Story<\/a>: \u201cN\u00e3o enviarem uma prenda foi uma forma de ensinar\u201d, disse.<\/p>\n<p>Z\u00e9 quebra o sil\u00eancio ap\u00f3s fim do noivado com Liliana<\/p>\n<p>Z\u00e9 marcou presen\u00e7a no programa <strong>\u201cDois \u00e0s 10\u201d<\/strong>, desta quinta-feira, <strong>23 de outubro<\/strong>, onde falou abertamente sobre o fim do noivado com <strong>Liliana<\/strong>, concorrente da atual edi\u00e7\u00e3o da <strong>\u201cCasa dos Segredos\u201d<\/strong>. A jovem terminou a rela\u00e7\u00e3o dentro da casa para viver uma nova paix\u00e3o com <strong>F\u00e1bio<\/strong>, e o ex-noivo n\u00e3o escondeu o impacto que tudo teve na sua vida.<\/p>\n<p>Durante a conversa com <strong>Cristina Ferreira<\/strong> e <strong>Cl\u00e1udio Ramos<\/strong>, Z\u00e9 explicou como tem gerido esta nova fase e confessou que <strong>j\u00e1 n\u00e3o acompanha o programa regularmente<\/strong>.<\/p>\n<p><strong>\u201cJ\u00e1 n\u00e3o vejo o programa, s\u00f3 vejo os v\u00eddeos que me mandam\u201d<\/strong>, afirmou.<\/p>\n<p>\u201cN\u00e3o enviarem uma prenda foi uma forma de ensinar\u201d<\/p>\n<p>Um dos temas abordados foi o facto de a fam\u00edlia de Z\u00e9 n\u00e3o ter enviado um presente a Liliana no dia do seu anivers\u00e1rio, algo que gerou coment\u00e1rios entre os f\u00e3s do reality show. O convidado n\u00e3o se esquivou e deu a sua vis\u00e3o sobre o assunto.<\/p>\n<p><strong>\u201cAcho que isto chama-se educa\u00e7\u00e3o. N\u00e3o enviarem uma prenda foi uma forma de ensinar, de mostrar que n\u00e3o estavam a compactuar com algo que n\u00e3o gostam. Mas nunca lhe v\u00e3o virar as costas, isso posso garantir\u201d<\/strong>, explicou, sublinhando que a fam\u00edlia mant\u00e9m o respeito pela ex-noiva, apesar de n\u00e3o concordar com as suas atitudes.<\/p>\n<p>\u201cJ\u00e1 n\u00e3o amo, mas ainda h\u00e1 sentimento\u201d<\/p>\n<p>Com sinceridade, Z\u00e9 admitiu que o amor que sentia por Liliana terminou, embora ainda exista algum afeto e liga\u00e7\u00e3o emocional.<\/p>\n<p><strong>\u201cJ\u00e1 n\u00e3o amo, mas ainda h\u00e1 sentimento\u201d<\/strong>, confessou, mostrando que o processo de supera\u00e7\u00e3o est\u00e1 em curso, mas ainda marcado por mem\u00f3rias e emo\u00e7\u00f5es.<\/p>\n<p>O ex-noivo aproveitou ainda para esclarecer um ponto que causou alguma confus\u00e3o entre os telespectadores. <strong>\u201cEnviei a camisola, sim, mas foi no dia em que fui \u00e0 gala falar com ela, n\u00e3o agora\u201d<\/strong>, explicou, desmentindo rumores recentes.<\/p>\n<p><a href=\"https:\/\/news.google.com\/publications\/CAAqBwgKMKfIoAswtNK4Aw\" target=\"_blank\" rel=\"noopener noreferrer nofollow\"><img loading=\"lazy\" data-lazyloaded=\"1\" width=\"481\" height=\"161\" decoding=\"async\" src=\"\/wp-content\/uploads\/2024\/02\/GN_siganos.png\" alt=\"Siga-nos no Google News\" style=\"margin-top:20px;\"\/><\/a><\/p>\n","protected":false},"excerpt":{"rendered":"Z\u00e9 reage \u00e0 decis\u00e3o da fam\u00edlia e fala sobre Liliana no Secret Story: \u201cN\u00e3o enviarem uma prenda foi&hellip;\n","protected":false},"author":2,"featured_media":113908,"comment_status":"","ping_status":"","sticky":false,"template":"","format":"standard","meta":{"footnotes":""},"categories":[85],"tags":[2632,801,114,115,32,33,28819],"class_list":{"0":"post-125402","1":"post","2":"type-post","3":"status-publish","4":"format-standard","5":"has-post-thumbnail","7":"category-entretenimento","8":"tag-casa-dos-segredos","9":"tag-dois-as-10","10":"tag-entertainment","11":"tag-entretenimento","12":"tag-portugal","13":"tag-pt","14":"tag-ze-pedro-andrade"},"share_on_mastodon":{"url":"https:\/\/pubeurope.com\/@pt\/115433145978592143","error":""},"_links":{"self":[{"href":"https:\/\/www.europesays.com\/pt\/wp-json\/wp\/v2\/posts\/125402","targetHints":{"allow":["GET"]}}],"collection":[{"href":"https:\/\/www.europesays.com\/pt\/wp-json\/wp\/v2\/posts"}],"about":[{"href":"https:\/\/www.europesays.com\/pt\/wp-json\/wp\/v2\/types\/post"}],"author":[{"embeddable":true,"href":"https:\/\/www.europesays.com\/pt\/wp-json\/wp\/v2\/users\/2"}],"replies":[{"embeddable":true,"href":"https:\/\/www.europesays.com\/pt\/wp-json\/wp\/v2\/comments?post=125402"}],"version-history":[{"count":0,"href":"https:\/\/www.europesays.com\/pt\/wp-json\/wp\/v2\/posts\/125402\/revisions"}],"wp:featuredmedia":[{"embeddable":true,"href":"https:\/\/www.europesays.com\/pt\/wp-json\/wp\/v2\/media\/113908"}],"wp:attachment":[{"href":"https:\/\/www.europesays.com\/pt\/wp-json\/wp\/v2\/media?parent=125402"}],"wp:term":[{"taxonomy":"category","embeddable":true,"href":"https:\/\/www.europesays.com\/pt\/wp-json\/wp\/v2\/categories?post=125402"},{"taxonomy":"post_tag","embeddable":true,"href":"https:\/\/www.europesays.com\/pt\/wp-json\/wp\/v2\/tags?post=125402"}],"curies":[{"name":"wp","href":"https:\/\/api.w.org\/{rel}","templated":true}]}}