{"id":125407,"date":"2025-10-25T05:31:09","date_gmt":"2025-10-25T05:31:09","guid":{"rendered":"https:\/\/www.europesays.com\/pt\/125407\/"},"modified":"2025-10-25T05:31:09","modified_gmt":"2025-10-25T05:31:09","slug":"saiba-quem-e-a-mae-do-filho-mais-velho-do-ator-marcello-novaes","status":"publish","type":"post","link":"https:\/\/www.europesays.com\/pt\/125407\/","title":{"rendered":"Saiba quem \u00e9 a m\u00e3e do filho mais velho do ator Marcello Novaes"},"content":{"rendered":"<p>Na \u00faltima ter\u00e7a-feira, 21, a participa\u00e7\u00e3o de <a href=\"https:\/\/caras.com.br\/tags\/leticia-spiller\" rel=\"nofollow noopener\" target=\"_blank\"><strong>Let\u00edcia Spiller<\/strong><\/a> e <a href=\"https:\/\/caras.com.br\/tags\/marcello-novaes\" rel=\"nofollow noopener\" target=\"_blank\"><strong>Marcello Novaes<\/strong><\/a> na campanha de fim de ano da Globo viralizou nas redes sociais. Ao lado dos artistas, <a href=\"https:\/\/caras.com.br\/tags\/pedro-novaes\" rel=\"nofollow noopener\" target=\"_blank\"><strong>Pedro Novaes<\/strong><\/a>, fruto do relacionamento do ex-casal, e <a href=\"https:\/\/caras.com.br\/tags\/diogo-novaes\" rel=\"nofollow noopener\" target=\"_blank\"><strong>Diogo Novaes<\/strong><\/a>, primog\u00eanito do ator. Ent\u00e3o, internautas se questionaram sobre quem \u00e9 a m\u00e3e do primeiro herdeiro.<\/p>\n<p>Diogo Novaes \u00e9 filho da ex-modelo e empres\u00e1ria <strong>Sheyla Beta<\/strong>. A m\u00e3e do m\u00fasico optou por manter uma vida longe dos holofotes e manter seus perfis privados nas redes sociais. Sendo assim, ela raramente aparece em fotos da imprensa.<\/p>\n<p>Em agosto, a ex-modelo completou 55 anos e recebeu uma homenagem especial de seu filho nas redes sociais. O m\u00fasico relembrou o tempo em que sua m\u00e3e atuava na \u00e1rea da moda e compartilhou registros da \u00e9poca. \u201cA mulher mais incr\u00edvel, te amoooo! Parab\u00e9ns pelo seu dia e por tudo que voc\u00ea \u00e9\u201d, escreveu ele na legenda.<\/p>\n<p>O relacionamento de Sheyla e Marcello teve um total de nove anos de dura\u00e7\u00e3o, e Diogo era muito pequeno quando seus pais se separaram. Tudo aconteceu ap\u00f3s o ator se apaixonar por Let\u00edcia Spiller durante as grava\u00e7\u00f5es da novela Quatro por quatro. Ap\u00f3s o div\u00f3rcio, a empres\u00e1ria se casou novamente e teve mais duas filhas: <strong>Julia<\/strong> e <strong>Gabriela<\/strong>.<\/p>\n<p>\t <img loading=\"lazy\" decoding=\"async\" class=\"wp-image-1022460 size-full img-fluid lazy\" alt=\"Diogo Novaes e Sheyla Beta - Foto: Reprodu\u00e7\u00e3o \" width=\"1000\" height=\"1104\" src=\"https:\/\/www.europesays.com\/pt\/wp-content\/uploads\/2025\/10\/filho-de-marcello-novaes-e-a-mae.jpg\"  \/>Diogo Novaes e Sheyla Beta \u2013 Foto: Reprodu\u00e7\u00e3o <img loading=\"lazy\" decoding=\"async\" class=\"wp-image-1022461 size-full img-fluid lazy\" alt=\"Post de Diogo Novaes sobre Sheyla Beta - Foto: Reprodu\u00e7\u00e3o \" width=\"2028\" height=\"1370\" src=\"https:\/\/www.europesays.com\/pt\/wp-content\/uploads\/2025\/10\/mae-do-filho-de-marcello-novaes.jpg\"  \/>Post de Diogo Novaes sobre Sheyla Beta \u2013 Foto: Reprodu\u00e7\u00e3o <\/p>\n<blockquote class=\"instagram-media\" style=\"background: #FFF; border: 0; border-radius: 3px; box-shadow: 0 0 1px 0 rgba(0,0,0,0.5),0 1px 10px 0 rgba(0,0,0,0.15); margin: 1px; max-width: 540px; min-width: 326px; padding: 0; width: calc(100% - 2px);\" data-instgrm-captioned=\"\" data-instgrm-permalink=\"https:\/\/www.instagram.com\/p\/DN6aXt0Ecip\/?utm_source=ig_embed&amp;utm_campaign=loading\" data-instgrm-version=\"14\"><\/blockquote>\n<p>Ap\u00f3s as grava\u00e7\u00f5es da campanha da Globo, o ator agradeceu a fam\u00edlia por se reencontrar. \u201cA fam\u00edlia foi reunida para comemora\u00e7\u00e3o de final do ano. Diogo, Pedro e Let\u00edcia. Foi uma noite especial pra gente. Privil\u00e9gio mesmo!\u201d, destacou Marcello Novaes.<\/p>\n<p> Let\u00edcia Spiller compartilha cliques da grava\u00e7\u00e3o de vinheta da Globo <\/p>\n<p>Na quarta-feira, 22, a atriz Let\u00edcia Spiller emocionou seus f\u00e3s ao compartilhar <a href=\"https:\/\/caras.com.br\/tv\/leticia-spiller-compartilha-registros-pessoais-na-gravacao-da-vinheta-da-globo.phtml\" rel=\"nofollow noopener\" target=\"_blank\">registros pessoais dos bastidores da grava\u00e7\u00e3o da vinheta de final de ano da Globo.<\/a> A famosa esteve ao lado do filho Pedro Novaes, seu ex-marido Marcello Novaes e do ex-enteado Diogo Novaes.<\/p>\n<p>\u201cHoje \u00e9 um novo dia! Que del\u00edcia participar da vinheta de fim de ano da firma, e dessa vez, ao lado dos meus amores. Um novo tempo em fam\u00edlia! E claro, uma del\u00edcia sempre encontrar amigos queridos\u201d, escreveu ela nas redes sociais.<\/p>\n<p><strong>Leia tamb\u00e9m: <\/strong><a href=\"https:\/\/caras.com.br\/datas-especiais\/filho-de-marcello-novaes-e-leticia-spiller-ganha-bela-declaracao-do-pai-infinito.phtml\" rel=\"nofollow noopener\" target=\"_blank\">Filho de Marcello Novaes e Leticia Spiller ganha bela declara\u00e7\u00e3o do pai: \u2018Infinito\u2019<\/a><\/p>\n<p>        <a href=\"https:\/\/caras.com.br\/autor\/giovanna-f-campos\" rel=\"nofollow noopener\" target=\"_blank\">&#13;<br \/>\n          <img loading=\"lazy\" decoding=\"async\" alt=\"Giovanna F Campos\" src=\"https:\/\/www.europesays.com\/pt\/wp-content\/uploads\/2025\/09\/525986578_1657136028311574_5510063872310493577_n-150x150.jpg\" class=\"avatar avatar-115 photo rounded-circle\" height=\"115\" width=\"115\"\/>        <\/a><\/p>\n<p>Giovanna F Campos \u00e9 estudante de jornalismo pela Faculdade C\u00e1sper L\u00edbero, apaixonada por entretenimento e literatura.<\/p>\n<p>\t                                            <script async src=\"\/\/www.instagram.com\/embed.js\"><\/script><\/p>\n","protected":false},"excerpt":{"rendered":"Na \u00faltima ter\u00e7a-feira, 21, a participa\u00e7\u00e3o de Let\u00edcia Spiller e Marcello Novaes na campanha de fim de ano&hellip;\n","protected":false},"author":2,"featured_media":125408,"comment_status":"","ping_status":"","sticky":false,"template":"","format":"standard","meta":{"footnotes":""},"categories":[145],"tags":[211,210,9491,114,115,8204,6465,32,33],"class_list":{"0":"post-125407","1":"post","2":"type-post","3":"status-publish","4":"format-standard","5":"has-post-thumbnail","7":"category-celebridades","8":"tag-celebridades","9":"tag-celebrities","10":"tag-diogo-novaes","11":"tag-entertainment","12":"tag-entretenimento","13":"tag-mae","14":"tag-marcello-novaes","15":"tag-portugal","16":"tag-pt"},"share_on_mastodon":{"url":"https:\/\/pubeurope.com\/@pt\/115433169820569649","error":""},"_links":{"self":[{"href":"https:\/\/www.europesays.com\/pt\/wp-json\/wp\/v2\/posts\/125407","targetHints":{"allow":["GET"]}}],"collection":[{"href":"https:\/\/www.europesays.com\/pt\/wp-json\/wp\/v2\/posts"}],"about":[{"href":"https:\/\/www.europesays.com\/pt\/wp-json\/wp\/v2\/types\/post"}],"author":[{"embeddable":true,"href":"https:\/\/www.europesays.com\/pt\/wp-json\/wp\/v2\/users\/2"}],"replies":[{"embeddable":true,"href":"https:\/\/www.europesays.com\/pt\/wp-json\/wp\/v2\/comments?post=125407"}],"version-history":[{"count":0,"href":"https:\/\/www.europesays.com\/pt\/wp-json\/wp\/v2\/posts\/125407\/revisions"}],"wp:featuredmedia":[{"embeddable":true,"href":"https:\/\/www.europesays.com\/pt\/wp-json\/wp\/v2\/media\/125408"}],"wp:attachment":[{"href":"https:\/\/www.europesays.com\/pt\/wp-json\/wp\/v2\/media?parent=125407"}],"wp:term":[{"taxonomy":"category","embeddable":true,"href":"https:\/\/www.europesays.com\/pt\/wp-json\/wp\/v2\/categories?post=125407"},{"taxonomy":"post_tag","embeddable":true,"href":"https:\/\/www.europesays.com\/pt\/wp-json\/wp\/v2\/tags?post=125407"}],"curies":[{"name":"wp","href":"https:\/\/api.w.org\/{rel}","templated":true}]}}