{"id":125416,"date":"2025-10-25T05:47:44","date_gmt":"2025-10-25T05:47:44","guid":{"rendered":"https:\/\/www.europesays.com\/pt\/125416\/"},"modified":"2025-10-25T05:47:44","modified_gmt":"2025-10-25T05:47:44","slug":"entenda-o-titulo-da-nova-novela-das-9","status":"publish","type":"post","link":"https:\/\/www.europesays.com\/pt\/125416\/","title":{"rendered":"entenda o t\u00edtulo da nova novela das 9"},"content":{"rendered":"<p>\n                        Filhas do deus supremo Zeus, as tr\u00eas gra\u00e7as, figuras da mitologia grega, representam beleza, alegria e criatividade.\n                    <\/p>\n<ul class=\"article__header__author\">\n<li class=\"article__header__author__item\">\n                                                Por:<br \/>\n                                                                                    Fernanda Villas B\u00f4as \/ Revista Malu\n                                                                        <\/li>\n<\/ul>\n<p>                O nome da novela faz refer\u00eancia a divindades gregas; descubra o que isso tem a ver com Gerluce, sua m\u00e3e e sua filha<\/p>\n<p class=\"text\">Tr\u00eas Gra\u00e7as, o t\u00edtulo da nova novela da TV Globo, vem provocando curiosidade e tamb\u00e9m inquietando os telespectadores: afinal, o que significam essas tr\u00eas gra\u00e7as? Elas se referem \u00e0s esculturas de formas femininas que a vil\u00e3 Arminda (Grazi Massafera), a dona Cobra, mant\u00e9m numa sala trancada em sua mans\u00e3o? Ou fazem refer\u00eancia \u00e0s protagonistas L\u00edgia (Dira Paes), sua filha, Gerluce (Sophie Charlotte), e sua neta, Jo\u00e9lly (Alana Cabral)?<\/p>\n<p><img loading=\"lazy\" decoding=\"async\" alt=\"Segundo o mito, divindades da beleza; na trama, as tr\u00eas gra\u00e7as s\u00e3o mulheres fortes, que tentam sobreviver \u00e0 dura realidade\" class=\"img-061ac1877ab4855e36dd837e414d6e5d382ak5m9\" height=\"515\" src=\"https:\/\/www.europesays.com\/pt\/wp-content\/uploads\/2025\/10\/23855660-assetsfotos1282tres-gracas-a-proxima-novela-das-nove-tem-primeiras-cenas-gravadas-em-sao-pa.jpeg\"  title=\"Segundo o mito, divindades da beleza; na trama, as tr\u00eas gra\u00e7as s\u00e3o mulheres fortes, que tentam sobreviver \u00e0 dura realidade\" width=\"774\"\/><\/p>\n<p>Segundo o mito, divindades da beleza; na trama, as tr\u00eas gra\u00e7as s\u00e3o mulheres fortes, que tentam sobreviver \u00e0 dura realidade<\/p>\n<p>Foto: Globo\/Estevam Avellar \/ Revista Malu<\/p>\n<p class=\"text\">As duas hip\u00f3teses est\u00e3o corretas: de fato, as tr\u00eas gra\u00e7as do t\u00edtulo correspondem \u00e0s esculturas misteriosas e, simbolicamente, tamb\u00e9m retratam as protagonistas da nova novela das nove, escrita por Aguinaldo Silva, Virg\u00edlio Silva e Z\u00e9 Dassilva: mulheres pobres e batalhadoras, que tentam sobreviver frente \u00e0s adversidades e car\u00eancias materiais da dura realidade.<\/p>\n<p class=\"text\">Por\u00e9m, al\u00e9m dessas refer\u00eancias, as tr\u00eas gra\u00e7as tamb\u00e9m s\u00e3o divindades da mitologia grega. Elas s\u00e3o citadas na obra Teogonia, que trata das origens do mundo, dos deuses e dos her\u00f3is. Teogonia \u00e9 de autoria de Hes\u00edodo, poeta que viveu em solo grego sete s\u00e9culos antes de Cristo. \u00a0<\/p>\n<p>Entenda o mito<\/p>\n<p class=\"text\">De acordo com a mitologia grega, as tr\u00eas gra\u00e7as s\u00e3o filhas de Zeus e Eur\u00ednome. Na Gr\u00e9cia antiga, Zeus era o deus supremo entre todas as divindades; e Eur\u00ednome, uma das filhas do tit\u00e3 Oceano, um gigante vencido por Zeus durante a forma\u00e7\u00e3o do mundo.<\/p>\n<p class=\"text\">As tr\u00eas filhas, ou tr\u00eas gra\u00e7as, recebem os nomes de Aglaia, Eufrosina e T\u00e1lia. Aglaia espelha a beleza e o esplendor, enquanto Eufrosina personifica a alegria e a jovialidade. J\u00e1 T\u00e1lia simboliza a fertilidade e o bom humor.<\/p>\n<p>Seguidoras de Afrodite<\/p>\n<p class=\"text\">&#8220;Na Teogonia, as tr\u00eas gra\u00e7as representam aquilo que d\u00e1 ritmo \u00e0 vida. Elas est\u00e3o relacionadas \u00e0 beleza em suas diferentes formas&#8221;, explica a jornalista, professora e tradutora Cristina Rodrigues Franciscato, que \u00e9 doutora em literatura grega. &#8220;Nas narrativas m\u00edticas, as tr\u00eas gra\u00e7as aparecem muito como seguidoras de Afrodite&#8221;, completa a especialista. Na mitologia grega, Afrodite \u00e9 a deusa do amor.<\/p>\n<p>Abertura da novela<\/p>\n<p class=\"text\">As caracter\u00edsticas das tr\u00eas gra\u00e7as e a proximidade delas com a deusa Afrodite podem indicar que as protagonistas da trama conseguir\u00e3o superar as dificuldades com afeto, criatividade e convic\u00e7\u00e3o do poder feminino.<\/p>\n<p class=\"text\">Na abertura da novela, as tr\u00eas gra\u00e7as aparecem im\u00f3veis como esculturas de m\u00e1rmore. Por\u00e9m, acabam dando espa\u00e7o para as tr\u00eas personagens, enquanto o cen\u00e1rio \u00e9 tomado por flores, cores, luzes e movimentos. Isso sugere que, ao longo dos cap\u00edtulos, Gerluce, L\u00edgia e Jo\u00e9lly dever\u00e3o vencer os obst\u00e1culos e, ao mesmo tempo, passar\u00e3o por uma transforma\u00e7\u00e3o profunda, capaz de lhes dar voz e triplicar a for\u00e7a interior de cada uma delas.<\/p>\n","protected":false},"excerpt":{"rendered":"Filhas do deus supremo Zeus, as tr\u00eas gra\u00e7as, figuras da mitologia grega, representam beleza, alegria e criatividade. Por:&hellip;\n","protected":false},"author":2,"featured_media":125417,"comment_status":"","ping_status":"","sticky":false,"template":"","format":"standard","meta":{"footnotes":""},"categories":[144],"tags":[207,205,206,203,201,202,204,114,115,32,33],"class_list":{"0":"post-125416","1":"post","2":"type-post","3":"status-publish","4":"format-standard","5":"has-post-thumbnail","7":"category-arte-e-design","8":"tag-arte","9":"tag-arte-e-design","10":"tag-artedesign","11":"tag-arts","12":"tag-arts-and-design","13":"tag-artsanddesign","14":"tag-design","15":"tag-entertainment","16":"tag-entretenimento","17":"tag-portugal","18":"tag-pt"},"share_on_mastodon":{"url":"https:\/\/pubeurope.com\/@pt\/115433232440720120","error":""},"_links":{"self":[{"href":"https:\/\/www.europesays.com\/pt\/wp-json\/wp\/v2\/posts\/125416","targetHints":{"allow":["GET"]}}],"collection":[{"href":"https:\/\/www.europesays.com\/pt\/wp-json\/wp\/v2\/posts"}],"about":[{"href":"https:\/\/www.europesays.com\/pt\/wp-json\/wp\/v2\/types\/post"}],"author":[{"embeddable":true,"href":"https:\/\/www.europesays.com\/pt\/wp-json\/wp\/v2\/users\/2"}],"replies":[{"embeddable":true,"href":"https:\/\/www.europesays.com\/pt\/wp-json\/wp\/v2\/comments?post=125416"}],"version-history":[{"count":0,"href":"https:\/\/www.europesays.com\/pt\/wp-json\/wp\/v2\/posts\/125416\/revisions"}],"wp:featuredmedia":[{"embeddable":true,"href":"https:\/\/www.europesays.com\/pt\/wp-json\/wp\/v2\/media\/125417"}],"wp:attachment":[{"href":"https:\/\/www.europesays.com\/pt\/wp-json\/wp\/v2\/media?parent=125416"}],"wp:term":[{"taxonomy":"category","embeddable":true,"href":"https:\/\/www.europesays.com\/pt\/wp-json\/wp\/v2\/categories?post=125416"},{"taxonomy":"post_tag","embeddable":true,"href":"https:\/\/www.europesays.com\/pt\/wp-json\/wp\/v2\/tags?post=125416"}],"curies":[{"name":"wp","href":"https:\/\/api.w.org\/{rel}","templated":true}]}}