{"id":12542,"date":"2025-08-02T06:07:17","date_gmt":"2025-08-02T06:07:17","guid":{"rendered":"https:\/\/www.europesays.com\/pt\/12542\/"},"modified":"2025-08-02T06:07:17","modified_gmt":"2025-08-02T06:07:17","slug":"bruna-marquezine-vai-comemorar-30-anos-na-ilha-fiscal-rj-01-08-2025-celebridades","status":"publish","type":"post","link":"https:\/\/www.europesays.com\/pt\/12542\/","title":{"rendered":"Bruna Marquezine vai comemorar 30 anos na Ilha Fiscal (RJ) &#8211; 01\/08\/2025 &#8211; Celebridades"},"content":{"rendered":"<p>\n<strong class=\"c-signature__location\">S\u00e3o Paulo<\/strong>\n<\/p>\n<p>A atriz <a href=\"https:\/\/www1.folha.uol.com.br\/folha-topicos\/bruna-marquezine\/\" rel=\"nofollow noopener\" target=\"_blank\">Bruna Marquezine<\/a>, 29, vai celebrar a chegada de seus 30 anos no pr\u00f3ximo dia 15, numa festan\u00e7a na Ilha Fiscal, no <a href=\"https:\/\/www1.folha.uol.com.br\/folha-topicos\/rio-de-janeiro\/\" rel=\"nofollow noopener\" target=\"_blank\">Rio de Janeiro<\/a>. A informa\u00e7\u00e3o foi confirmada ao <strong>F5 <\/strong>pela equipe de assessoria da atriz.<\/p>\n<p>A Ilha, tamb\u00e9m conhecida como &#8220;castelinho&#8221;, ser\u00e1 fechada para visita\u00e7\u00e3o nesse dia para receber os cerca de 200 convidados que dever\u00e3o comparecer. A tend\u00eancia \u00e9 a de que familiares e amigos mais pr\u00f3ximos estejam na lista de celebridades chamadas.<\/p>\n<p>A Ilha Fiscal, uma das maiores atra\u00e7\u00f5es tur\u00edsticas cariocas, foi transferida para a Marinha em 1913 pelo Minist\u00e9rio da Fazenda como parte do Complexo Cultural da Diretoria do Patrim\u00f4nio Hist\u00f3rico e Documenta\u00e7\u00e3o da Marinha (DPHDM).<\/p>\n<p>O local foi cen\u00e1rio do evento que ficou conhecido como <a href=\"https:\/\/www1.folha.uol.com.br\/cotidiano\/2023\/07\/palco-do-ultimo-baile-do-imperio-ilha-fiscal-reabre-no-rio.shtml\" rel=\"nofollow noopener\" target=\"\">&#8220;O \u00daltimo Baile do Imp\u00e9rio&#8221;<\/a>, uma festa realizada no dia 9 de novembro de 1889, alguns dias antes da Proclama\u00e7\u00e3o da Rep\u00fablica (15 de novembro).<\/p>\n<p>O evento foi uma homenagem aos oficiais do navio chileno &#8220;Almirante Cochrane&#8221; e reuniu a alta sociedade da \u00e9poca e marcou o fim da monarquia no Brasil.<\/p>\n<p><a href=\"https:\/\/www1.folha.uol.com.br\/fsp\/ilustrad\/fq1607200210.htm\" rel=\"nofollow noopener\" target=\"\">Outro evento que foi realizado na Ilha Fiscal<\/a> foi o anivers\u00e1rio de 40 anos para 1000 convidados do empres\u00e1rio milion\u00e1rio <a href=\"https:\/\/f5.folha.uol.com.br\/celebridades\/2023\/09\/quem-e-alexandre-accioly-o-dono-de-quase-tudo-nas-areas-mais-nobres-do-rio-de-janeiro.shtml\" rel=\"nofollow noopener\" target=\"\">Alexandre Accioly<\/a>, em julho de 2002. Na ocasi\u00e3o, contou com o tema anos 1960 com banda cover dos Beatles, \u00f4nibus de \u00e9poca tocando ininterruptamente &#8220;Yellow Submarine&#8221; e &#8220;Yesterday&#8221; e gar\u00e7onetes e funcion\u00e1rios com perucas black power.<\/p>\n<p>A ent\u00e3o namorada de Acccioly, a atriz Carolina Ferraz, chegou de helic\u00f3ptero. A festan\u00e7a custou cerca de R$ 600 mil.<\/p>\n","protected":false},"excerpt":{"rendered":"S\u00e3o Paulo A atriz Bruna Marquezine, 29, vai celebrar a chegada de seus 30 anos no pr\u00f3ximo dia&hellip;\n","protected":false},"author":2,"featured_media":12543,"comment_status":"","ping_status":"","sticky":false,"template":"","format":"standard","meta":{"footnotes":""},"categories":[145],"tags":[219,3863,211,210,470,223,114,115,224,225,226,2595,221,220,222,2931,32,33,2326,5279,218,228,227],"class_list":{"0":"post-12542","1":"post","2":"type-post","3":"status-publish","4":"format-standard","5":"has-post-thumbnail","7":"category-celebridades","8":"tag-bichos","9":"tag-bruna-marquezine","10":"tag-celebridades","11":"tag-celebrities","12":"tag-cinema","13":"tag-colunistas","14":"tag-entertainment","15":"tag-entretenimento","16":"tag-estranho","17":"tag-eu-amo","18":"tag-fofices","19":"tag-hollywood","20":"tag-horoscopo","21":"tag-humanos","22":"tag-humor","23":"tag-novela","24":"tag-portugal","25":"tag-pt","26":"tag-rio-de-janeiro","27":"tag-rio-de-janeiro-estado","28":"tag-televisao","29":"tag-tudo","30":"tag-videos"},"share_on_mastodon":{"url":"","error":""},"_links":{"self":[{"href":"https:\/\/www.europesays.com\/pt\/wp-json\/wp\/v2\/posts\/12542","targetHints":{"allow":["GET"]}}],"collection":[{"href":"https:\/\/www.europesays.com\/pt\/wp-json\/wp\/v2\/posts"}],"about":[{"href":"https:\/\/www.europesays.com\/pt\/wp-json\/wp\/v2\/types\/post"}],"author":[{"embeddable":true,"href":"https:\/\/www.europesays.com\/pt\/wp-json\/wp\/v2\/users\/2"}],"replies":[{"embeddable":true,"href":"https:\/\/www.europesays.com\/pt\/wp-json\/wp\/v2\/comments?post=12542"}],"version-history":[{"count":0,"href":"https:\/\/www.europesays.com\/pt\/wp-json\/wp\/v2\/posts\/12542\/revisions"}],"wp:featuredmedia":[{"embeddable":true,"href":"https:\/\/www.europesays.com\/pt\/wp-json\/wp\/v2\/media\/12543"}],"wp:attachment":[{"href":"https:\/\/www.europesays.com\/pt\/wp-json\/wp\/v2\/media?parent=12542"}],"wp:term":[{"taxonomy":"category","embeddable":true,"href":"https:\/\/www.europesays.com\/pt\/wp-json\/wp\/v2\/categories?post=12542"},{"taxonomy":"post_tag","embeddable":true,"href":"https:\/\/www.europesays.com\/pt\/wp-json\/wp\/v2\/tags?post=12542"}],"curies":[{"name":"wp","href":"https:\/\/api.w.org\/{rel}","templated":true}]}}