{"id":125450,"date":"2025-10-25T07:07:08","date_gmt":"2025-10-25T07:07:08","guid":{"rendered":"https:\/\/www.europesays.com\/pt\/125450\/"},"modified":"2025-10-25T07:07:08","modified_gmt":"2025-10-25T07:07:08","slug":"presidente-da-colombia-sancionado-pelos-eua-lutar-contra-o-narcotrafico-traz-esta-medida","status":"publish","type":"post","link":"https:\/\/www.europesays.com\/pt\/125450\/","title":{"rendered":"Presidente da Col\u00f4mbia sancionado pelos EUA: &#8220;Lutar contra o narcotr\u00e1fico traz esta medida&#8221;"},"content":{"rendered":"<p data-remotead-prev-elm=\"true\" data-remotead-elm-id=\"inread\">O Departamento do Tesouro aplicou as san\u00e7\u00f5es contra Gustavo Petro, a sua esposa, Veronica del Socorro Alcocer Garcia, o seu filho, Nicolas Fernando Petro Burgos, e o ministro do Interior da Col\u00f4mbia, Armando Alberto Benedetti.<\/p>\n<p>Petro &#8220;tem permitido que os cart\u00e9is de droga prosperem e recusou-se a interromper esta atividade&#8221;, argumentou o Secret\u00e1rio do Tesouro, Scott Bessent, num comunicado. &#8220;O presidente Trump est\u00e1 a tomar medidas fortes para proteger a nossa na\u00e7\u00e3o e deixar claro que n\u00e3o toleraremos o tr\u00e1fico de drogas para o nosso pa\u00eds&#8221;, acrescentou Bessent.<\/p>\n<blockquote data-type=\"articles\" data-id=\"related-article-18010348\"><p>\n              <strong>Leia tamb\u00e9m <\/strong><br \/>\n              <a href=\"https:\/\/www.jn.pt\/mundo\/artigo\/eua-encerra-apoio-financeiro-a-colombia-devido-a-producao-de-droga\/18010348\" rel=\"nofollow noopener\" target=\"_blank\">EUA encerram apoio financeiro \u00e0 Col\u00f4mbia por causa da droga<\/a>\n            <\/p><\/blockquote>\n<p>A medida intensifica um crescente confronto entre o presidente republicano dos EUA e o primeiro l\u00edder de Esquerda da Col\u00f4mbia, particularmente sobre os ataques americanos, que geraram v\u00edtimas mortais, a supostos barcos transportadores de drogas na Am\u00e9rica do Sul.<\/p>\n<p>&#8220;Um verdadeiro paradoxo&#8221;<\/p>\n<p data-remotead-prev-elm=\"true\" data-remotead-elm-id=\"centro1\">O presidente da Col\u00f4mbia, Gustavo Petro, confirmou entretanto que ele, os seus filhos e a sua esposa constam na lista negra do Departamento do Tesouro dos Estados Unidos.<\/p>\n<p>&#8220;Lutar contra o narcotr\u00e1fico durante d\u00e9cadas e com efic\u00e1cia traz-me esta medida do Governo da sociedade que tanto ajud\u00e1mos a deter o consumo de coca\u00edna&#8221;, escreveu Petro na rede social X, num momento de escalada de tens\u00f5es entre a Col\u00f4mbia e os Estados Unidos devido \u00e0 luta contra o tr\u00e1fico de droga. &#8220;Um verdadeiro paradoxo, mas sem dar um passo atr\u00e1s e nunca de joelhos&#8221;, afirmou Petro.<\/p>\n<p>A administra\u00e7\u00e3o Trump expandiu a repress\u00e3o para o Oceano Pac\u00edfico oriental, onde grande parte da coca\u00edna dos maiores produtores mundiais, incluindo a Col\u00f4mbia, \u00e9 contrabandeada, com um destacamento de for\u00e7as militares para a regi\u00e3o. O Ex\u00e9rcito dos EUA est\u00e1 a enviar um porta-avi\u00f5es para as \u00e1guas da Am\u00e9rica do Sul, anunciou hoje o Pent\u00e1gono.<\/p>\n<p data-remotead-prev-elm=\"true\" data-remotead-elm-id=\"centro2\">A imposi\u00e7\u00e3o de san\u00e7\u00f5es j\u00e1 era esperada, depois de Trump ter dito recentemente que cortaria a ajuda \u00e0 Col\u00f4mbia e imporia tarifas sobre as suas exporta\u00e7\u00f5es, referindo-se a Petro nas redes sociais, nos \u00faltimos dias, como &#8220;um l\u00edder do tr\u00e1fico de drogas ilegal.&#8221;<\/p>\n<p>Pa\u00edses deixaram de ser aliados<\/p>\n<p>No m\u00eas passado, os EUA adicionaram a Col\u00f4mbia, o maior destinat\u00e1rio de apoios americana na regi\u00e3o, \u00e0 lista de na\u00e7\u00f5es que n\u00e3o cooperam na guerra contra as drogas, pela primeira vez em quase 30 anos.<\/p>\n<p>Depois de Trump o acusar de ter liga\u00e7\u00f5es com o tr\u00e1fico de drogas, Petro disse na quarta-feira que recorrer\u00e1 ao sistema judicial dos EUA para se defender. &#8220;Contra as cal\u00fanias que altos respons\u00e1veis lan\u00e7aram sobre mim em solo americano, defenderei juridicamente, com advogados americanos, nos tribunais dos EUA,&#8221; escreveu Petro no X sem nomear Trump, mas citando uma reportagem sobre os coment\u00e1rios dele.<\/p>\n<p>Um dia antes, a pol\u00edtica antidrogas de Petro foi tema de uma reuni\u00e3o entre ele e o encarregado de neg\u00f3cios dos EUA na Col\u00f4mbia, John T. McNamara. McNamara tamb\u00e9m se encontrou com a Ministra dos Neg\u00f3cios Estrangeiros, Rosa Yolanda Villavicencio Mapy, na quinta-feira.<\/p>\n","protected":false},"excerpt":{"rendered":"O Departamento do Tesouro aplicou as san\u00e7\u00f5es contra Gustavo Petro, a sua esposa, Veronica del Socorro Alcocer Garcia,&hellip;\n","protected":false},"author":2,"featured_media":125451,"comment_status":"","ping_status":"","sticky":false,"template":"","format":"standard","meta":{"footnotes":""},"categories":[50],"tags":[27,28,8292,235,15,16,12278,14,25,26,21,22,62,12,13,19,20,23,24,17,18,29,30,31,63,64,65],"class_list":{"0":"post-125450","1":"post","2":"type-post","3":"status-publish","4":"format-standard","5":"has-post-thumbnail","7":"category-mundo","8":"tag-breaking-news","9":"tag-breakingnews","10":"tag-colombia","11":"tag-estados-unidos","12":"tag-featured-news","13":"tag-featurednews","14":"tag-gustavo-petro","15":"tag-headlines","16":"tag-latest-news","17":"tag-latestnews","18":"tag-main-news","19":"tag-mainnews","20":"tag-mundo","21":"tag-news","22":"tag-noticias","23":"tag-noticias-principais","24":"tag-noticiasprincipais","25":"tag-principais-noticias","26":"tag-principaisnoticias","27":"tag-top-stories","28":"tag-topstories","29":"tag-ultimas","30":"tag-ultimas-noticias","31":"tag-ultimasnoticias","32":"tag-world","33":"tag-world-news","34":"tag-worldnews"},"share_on_mastodon":{"url":"https:\/\/pubeurope.com\/@pt\/115433546909300271","error":""},"_links":{"self":[{"href":"https:\/\/www.europesays.com\/pt\/wp-json\/wp\/v2\/posts\/125450","targetHints":{"allow":["GET"]}}],"collection":[{"href":"https:\/\/www.europesays.com\/pt\/wp-json\/wp\/v2\/posts"}],"about":[{"href":"https:\/\/www.europesays.com\/pt\/wp-json\/wp\/v2\/types\/post"}],"author":[{"embeddable":true,"href":"https:\/\/www.europesays.com\/pt\/wp-json\/wp\/v2\/users\/2"}],"replies":[{"embeddable":true,"href":"https:\/\/www.europesays.com\/pt\/wp-json\/wp\/v2\/comments?post=125450"}],"version-history":[{"count":0,"href":"https:\/\/www.europesays.com\/pt\/wp-json\/wp\/v2\/posts\/125450\/revisions"}],"wp:featuredmedia":[{"embeddable":true,"href":"https:\/\/www.europesays.com\/pt\/wp-json\/wp\/v2\/media\/125451"}],"wp:attachment":[{"href":"https:\/\/www.europesays.com\/pt\/wp-json\/wp\/v2\/media?parent=125450"}],"wp:term":[{"taxonomy":"category","embeddable":true,"href":"https:\/\/www.europesays.com\/pt\/wp-json\/wp\/v2\/categories?post=125450"},{"taxonomy":"post_tag","embeddable":true,"href":"https:\/\/www.europesays.com\/pt\/wp-json\/wp\/v2\/tags?post=125450"}],"curies":[{"name":"wp","href":"https:\/\/api.w.org\/{rel}","templated":true}]}}