{"id":125456,"date":"2025-10-25T07:17:08","date_gmt":"2025-10-25T07:17:08","guid":{"rendered":"https:\/\/www.europesays.com\/pt\/125456\/"},"modified":"2025-10-25T07:17:08","modified_gmt":"2025-10-25T07:17:08","slug":"mulheres-com-40-anos-podem-fazer-mamografia-pelo-sus-entenda-a-nova-recomendacao-do-ministerio-da-saude","status":"publish","type":"post","link":"https:\/\/www.europesays.com\/pt\/125456\/","title":{"rendered":"Mulheres com 40 anos podem fazer mamografia pelo SUS? Entenda a nova recomenda\u00e7\u00e3o do Minist\u00e9rio da Sa\u00fade"},"content":{"rendered":"<p><img fetchpriority=\"high\" decoding=\"async\" class=\"w-fit lg:w-full\" loading=\"eager\" src=\"https:\/\/www.europesays.com\/pt\/wp-content\/uploads\/2025\/10\/5507421_6c265a12741d767.jpg\" title=\"Valerii Apetroaiei \/ stock.adobe.com\" alt=\"Valerii Apetroaiei \/ stock.adobe.com\" width=\"700\" height=\"477\"\/>Nova orienta\u00e7\u00e3o para a rede p\u00fablica permite ampliar preven\u00e7\u00e3o.Valerii Apetroaiei \/ stock.adobe.com<\/p>\n<p>Novas recomenda\u00e7\u00f5es do Minist\u00e9rio da Sa\u00fade para a realiza\u00e7\u00e3o de <strong>mamografia no Sistema \u00danico de Sa\u00fade (SUS)<\/strong> permitir\u00e3o ampliar o cuidado e a preven\u00e7\u00e3o do c\u00e2ncer de mama. Al\u00e9m da altera\u00e7\u00e3o da idade de rastreamento ativo, <a href=\"https:\/\/gauchazh.clicrbs.com.br\/saude\/noticia\/2025\/09\/ministerio-da-saude-passa-a-recomendar-mamografia-a-partir-dos-40-anos-cmfws0htc00op011ydx7lfof2.html\" rel=\"nofollow noopener\" target=\"_blank\"><strong>mulheres mais jovens passar\u00e3o a poder realizar o exame.<\/strong><\/a><\/p>\n<p>Antes da mudan\u00e7a, uma paciente com menos de 50 anos s\u00f3 receberia o encaminhamento de mamografia em uma unidade de sa\u00fade se houvesse indica\u00e7\u00e3o m\u00e9dica <strong>com justificativa<\/strong>, como sintomas ou hist\u00f3rico familiar. Agora, para <strong>mulheres de 40 a 49 anos<\/strong>, a solicita\u00e7\u00e3o ser\u00e1 poss\u00edvel sob demanda, isto \u00e9, <strong>mediante solicita\u00e7\u00e3o, mesmo sem sintomas.<\/strong><\/p>\n<p>A nova orienta\u00e7\u00e3o ocorre em meio a um <a href=\"https:\/\/gauchazh.clicrbs.com.br\/saude\/noticia\/2025\/10\/mortes-por-cancer-de-mama-diminuem-em-2024-mas-rs-e-o-terceiro-em-numero-de-casos-no-pais-cmgvea43602kl016bbt21mgmx.html\" rel=\"nofollow noopener\" target=\"_blank\"><strong>aumento de casos de c\u00e2ncer de mama<\/strong><\/a> entre mulheres abaixo de 50 anos, conforme dados do Minist\u00e9rio da Sa\u00fade. No Rio Grande do Sul, os registros t\u00eam aumentado ano a ano \u2013 na faixa et\u00e1ria dos 40 anos, o <strong>aumento foi de 50% de 2015 a 2024<\/strong> \u2013, embora tenham apresentado redu\u00e7\u00e3o de 5,6% em 2024 em rela\u00e7\u00e3o ao ano anterior. A faixa de 40 a 49 anos concentrou <strong>20,5%<\/strong> (1.032) dos registros em 2024.<\/p>\n<p>A mudan\u00e7a n\u00e3o significa que a idade do in\u00edcio do<strong> rastreamento ativo <\/strong>para a realiza\u00e7\u00e3o do exame \u2013 ou seja, do acompanhamento padr\u00e3o <strong>preventivo <\/strong>de dois em dois anos \u2013 foi reduzida. O minist\u00e9rio manteve os 50 anos para come\u00e7ar o rastreio, mas ampliou a faixa et\u00e1ria dos 69 para at\u00e9 74 anos. Assim, <strong>mulheres dos 50 aos 74 anos de idade entram automaticamente no esquema de rastreamento<\/strong>.<\/p>\n<p>A amplia\u00e7\u00e3o da faixa et\u00e1ria foi necess\u00e1ria devido ao aumento da <a href=\"https:\/\/gauchazh.clicrbs.com.br\/comportamento\/noticia\/2024\/09\/inversao-da-piramide-etaria-ja-e-realidade-no-rs-e-impoe-desafios-aos-governos-locais-cm11casgn01h90151rv1pnhza.html\" rel=\"nofollow noopener\" target=\"_blank\"><strong>longevidade da popula\u00e7\u00e3o<\/strong><\/a>, representando um ganho importante, conforme Andrea Damin, presidente da Sociedade Brasileira de Mastologia &#8211; Regional RS (SBM-RS) e chefe do Servi\u00e7o de Mastologia do Hospital de Cl\u00ednicas de Porto Alegre (HCPA).<\/p>\n<p>A mamografia \u00e9 o exame mais importante para a <a href=\"https:\/\/gauchazh.clicrbs.com.br\/donna\/noticia\/2025\/10\/o-filho-da-forca-para-a-mae-chegar-em-qualquer-lugar-como-a-maternidade-apos-o-cancer-de-mama-pode-marcar-o-recomeco-da-vida-da-mulher-cmgl23f0u0221014v92cyxmzi.html\" rel=\"nofollow noopener\" target=\"_blank\"><strong>detec\u00e7\u00e3o precoce do c\u00e2ncer de mama<\/strong><\/a>, sendo capaz de identificar n\u00f3dulos e altera\u00e7\u00f5es antes mesmo de se tornarem palp\u00e1veis. De acordo com o Minist\u00e9rio da Sa\u00fade, o SUS realizou <strong>4,4 milh\u00f5es de mamografias<\/strong> em 2024.<\/p>\n<p><strong>Como vai funcionar<\/strong><\/p>\n<p>Dos 40 aos 49, a realiza\u00e7\u00e3o do exame sob demanda da paciente deve ser uma <strong>decis\u00e3o dividida entre a mulher e o profissional de sa\u00fade<\/strong>, ap\u00f3s o m\u00e9dico apresentar os riscos e benef\u00edcios. O<strong> risco \u00e9 um pouco maior <\/strong>do que na faixa et\u00e1ria de 50 a 75 anos.\u00a0<\/p>\n<p>Pelo fato de a mama ser mais densa antes dos 50 anos, a mamografia tem precis\u00e3o menor, explica Jos\u00e9 Barreto Carvalheira, diretor do Departamento de Aten\u00e7\u00e3o ao C\u00e2ncer do Minist\u00e9rio da Sa\u00fade. Isso pode culminar em procedimentos sem necessidade, como bi\u00f3psia, segundo o diretor. Andrea, por outro lado, aponta que os riscos s\u00e3o m\u00ednimos, com necessidade de exames complementares, como ecografia.<\/p>\n<p>\u2014 \u00c9 s\u00f3 ela (a paciente) querer fazer, e ela pesar os riscos e os benef\u00edcios, que ele (o m\u00e9dico) vai solicitar. <strong>A decis\u00e3o \u00e9 dela<\/strong>, s\u00f3 que precisa ter uma orienta\u00e7\u00e3o \u2014 informa Carvalheira.<\/p>\n<p>O exame poder\u00e1 ser solicitado por qualquer m\u00e9dico \u2013 de forma geral, \u00e9 solicitado pelo <strong>m\u00e9dico de fam\u00edlia, ginecologista ou cl\u00ednico geral<\/strong>. A indica\u00e7\u00e3o do profissional sem solicita\u00e7\u00e3o da paciente deve ser baseada em uma avalia\u00e7\u00e3o de risco.<\/p>\n<p>\u2014 \u00c9 uma luta das sociedades m\u00e9dicas, e estamos, h\u00e1 muito tempo, mostrando que as pacientes est\u00e3o cada vez mais jovens. T\u00eam estudos brasileiros mostrando um \u00edndice de 42% de pacientes com diagn\u00f3stico de <a href=\"https:\/\/gauchazh.clicrbs.com.br\/comportamento\/60-mais\/noticia\/2025\/10\/nunca-digam-cabelo-cresce-o-cancer-de-mama-na-vida-de-mulheres-60-cmgl3gcfi022y014vwrvpnn45.html\" rel=\"nofollow noopener\" target=\"_blank\"><strong>c\u00e2ncer de mama<\/strong><\/a> com menos de 50 anos \u2014 avalia Andrea.<\/p>\n<p>A m\u00e9dica lembra que pa\u00edses como os Estados Unidos j\u00e1 diminu\u00edram a idade do rastreamento ativo para abaixo de 50 anos. Na <strong>rede privada<\/strong> brasileira, o <strong>rastreamento \u00e9 recomendado anualmente a partir dos 40 anos<\/strong>. A presidente da SBM-RS aponta que, no Brasil, n\u00e3o h\u00e1 rastreamento adequado para toda a popula\u00e7\u00e3o.\u00a0<\/p>\n<p>\u2014 J\u00e1 ganhamos uma batalha. N\u00e3o a guerra, mas a batalha \u2014 afirma.<\/p>\n<p>Alguns estudos populacionais mostram que a realiza\u00e7\u00e3o do exame na faixa et\u00e1ria dos 40 anos leva \u00e0 diminui\u00e7\u00e3o da mortalidade, segundo Carvalheira. Em rela\u00e7\u00e3o \u00e0 possibilidade de redu\u00e7\u00e3o da idade de rastreamento ativo para incluir essas mulheres, o diretor afirma que, para que a diretriz mude, \u00e9 necess\u00e1rio <strong>aumento de evid\u00eancias.<\/strong> O pa\u00eds segue diretrizes adotadas na Austr\u00e1lia e em alguns pa\u00edses europeus.<\/p>\n<p><strong>Lidando com a nova demanda<\/strong><\/p>\n<p>O Brasil tem <strong>3.309 mam\u00f3grafos<\/strong>, com capacidade subutilizada. Segundo Carvalheira, h\u00e1 uma reorganiza\u00e7\u00e3o em andamento e os mam\u00f3grafos ser\u00e3o &#8220;suficientes&#8221; para dar conta da nova demanda. A gest\u00e3o das filas, por sua vez, \u00e9 responsabilidade dos Estados e munic\u00edpios, segundo o minist\u00e9rio.<\/p>\n<p>O principal problema \u00e9 o acesso aos exames, o que dificulta a realiza\u00e7\u00e3o, pondera Andrea. Procurada, a Secretaria Estadual da Sa\u00fade (SES) informou que n\u00e3o regula exames, portanto, n\u00e3o possui dados sobre fila para a realiza\u00e7\u00e3o de mamografia no Rio Grande do Sul. Em Porto Alegre, em setembro, havia <strong>157 pessoas<\/strong> na fila, conforme painel da prefeitura.<\/p>\n<p><strong>Abaixo dos 40<\/strong><\/p>\n<p>Antes dos 40 anos, <strong>a incid\u00eancia do c\u00e2ncer de mama \u00e9 baixa<\/strong>, pontua a mastologista Andrea Damin. Nessa faixa et\u00e1ria, \u00e9 importante o autoconhecimento da mama para identificar se h\u00e1 alguma altera\u00e7\u00e3o, por meio do autoexame \u2013 que n\u00e3o deve substituir a mamografia na idade indicada para rastreamento.<\/p>\n<p>Um n\u00f3dulo ou l\u00edquido saindo pela mama demandam avalia\u00e7\u00e3o m\u00e9dica, pois podem representar um sinal de alerta. A m\u00e9dica desmistifica a no\u00e7\u00e3o equivocada de que o c\u00e2ncer de mama acomete principalmente pacientes com hist\u00f3rico familiar \u2013 <strong>apenas 10% dos casos t\u00eam origem familiar<\/strong>. N\u00e3o h\u00e1 um \u00fanico motivo espec\u00edfico para o c\u00e2ncer de mama, que \u00e9 multifatorial.<\/p>\n<p>Nessa faixa et\u00e1ria, a precis\u00e3o da mamografia \u00e9 ainda mais baixa, conforme Carvalheira. Normalmente, para o diagn\u00f3stico, \u00e9 indicada uma resson\u00e2ncia nuclear magn\u00e9tica.<\/p>\n<p>Andrea refor\u00e7a a import\u00e2ncia dos cuidados em rela\u00e7\u00e3o aos <strong>fatores de risco para o c\u00e2ncer de mama<\/strong>:\u00a0<\/p>\n<ul>\n<li class=\"unordered-list-item\">evitar a ingest\u00e3o de \u00e1lcool\u00a0<\/li>\n<li class=\"unordered-list-item\">realizar atividade f\u00edsica<\/li>\n<li class=\"unordered-list-item\">manter peso corporal adequado, pois a obesidade \u00e9 fator de risco\u00a0<\/li>\n<li class=\"unordered-list-item\">gesta\u00e7\u00e3o tardia, ap\u00f3s os 35 anos\u00a0<\/li>\n<li class=\"unordered-list-item\">estresse\u00a0<\/li>\n<\/ul>\n","protected":false},"excerpt":{"rendered":"Nova orienta\u00e7\u00e3o para a rede p\u00fablica permite ampliar preven\u00e7\u00e3o.Valerii Apetroaiei \/ stock.adobe.com Novas recomenda\u00e7\u00f5es do Minist\u00e9rio da Sa\u00fade&hellip;\n","protected":false},"author":2,"featured_media":125457,"comment_status":"","ping_status":"","sticky":false,"template":"","format":"standard","meta":{"footnotes":""},"categories":[86],"tags":[5960,116,17637,32,33,117],"class_list":{"0":"post-125456","1":"post","2":"type-post","3":"status-publish","4":"format-standard","5":"has-post-thumbnail","7":"category-saude","8":"tag-cancer-de-mama","9":"tag-health","10":"tag-infografico","11":"tag-portugal","12":"tag-pt","13":"tag-saude"},"share_on_mastodon":{"url":"https:\/\/pubeurope.com\/@pt\/115433586305272464","error":""},"_links":{"self":[{"href":"https:\/\/www.europesays.com\/pt\/wp-json\/wp\/v2\/posts\/125456","targetHints":{"allow":["GET"]}}],"collection":[{"href":"https:\/\/www.europesays.com\/pt\/wp-json\/wp\/v2\/posts"}],"about":[{"href":"https:\/\/www.europesays.com\/pt\/wp-json\/wp\/v2\/types\/post"}],"author":[{"embeddable":true,"href":"https:\/\/www.europesays.com\/pt\/wp-json\/wp\/v2\/users\/2"}],"replies":[{"embeddable":true,"href":"https:\/\/www.europesays.com\/pt\/wp-json\/wp\/v2\/comments?post=125456"}],"version-history":[{"count":0,"href":"https:\/\/www.europesays.com\/pt\/wp-json\/wp\/v2\/posts\/125456\/revisions"}],"wp:featuredmedia":[{"embeddable":true,"href":"https:\/\/www.europesays.com\/pt\/wp-json\/wp\/v2\/media\/125457"}],"wp:attachment":[{"href":"https:\/\/www.europesays.com\/pt\/wp-json\/wp\/v2\/media?parent=125456"}],"wp:term":[{"taxonomy":"category","embeddable":true,"href":"https:\/\/www.europesays.com\/pt\/wp-json\/wp\/v2\/categories?post=125456"},{"taxonomy":"post_tag","embeddable":true,"href":"https:\/\/www.europesays.com\/pt\/wp-json\/wp\/v2\/tags?post=125456"}],"curies":[{"name":"wp","href":"https:\/\/api.w.org\/{rel}","templated":true}]}}