{"id":125460,"date":"2025-10-25T07:21:10","date_gmt":"2025-10-25T07:21:10","guid":{"rendered":"https:\/\/www.europesays.com\/pt\/125460\/"},"modified":"2025-10-25T07:21:10","modified_gmt":"2025-10-25T07:21:10","slug":"e-o-que-impede-a-russia-de-matar-zelensky-apela-a-sancoes-a-todas-as-petroliferas-russas","status":"publish","type":"post","link":"https:\/\/www.europesays.com\/pt\/125460\/","title":{"rendered":"&#8220;\u00c9 o que impede a R\u00fassia de matar&#8221;. Zelensky apela a san\u00e7\u00f5es a todas as petrol\u00edferas russas"},"content":{"rendered":"<p>                Falando em Londres ao lado de alguns dos l\u00edderes da chamada &#8220;Coliga\u00e7\u00e3o dos Dispostos&#8221;, Zelensky alertou ainda que a R\u00fassia continua a tentar usar o inverno como uma ferramenta para pressionar a Ucr\u00e2nia.<\/p>\n<p>\u201cH\u00e1 v\u00e1rios desafios nestes dias, <b>com a R\u00fassia a levar a cabo uma campanha de terrorismo contra as nossas infraestruturas energ\u00e9ticas<\/b>. Eles pretendem tornar o frio do inverno numa ferramenta de tormento e press\u00e3o sobre a Ucr\u00e2nia e o seu povo\u201d, declarou.<\/p>\n<p>\u201cEst\u00e3o a fazer tudo para o alcan\u00e7ar. \u00c9 por isso que a nossa defesa significa tudo. \u00c9 o que verdadeiramente impede a R\u00fassia de matar, de destruir\u201d, acrescentou o presidente ucraniano.<br \/>&#13;\n<\/p>\n<p>          <img decoding=\"async\" itemprop=\"image\" class=\"img-fluid\"   src=\"https:\/\/www.europesays.com\/pt\/wp-content\/uploads\/2025\/10\/cbc8d391328fee7bb8d3130552040826_N.jpg\"\/><\/p>\n<p>&#13;<br \/>\nVolodymyr Zelensky adiantou ainda que, <b>\u201choje, todos os parceiros confirmaram que, no pr\u00f3ximo ano, v\u00e3o continuar a apoiar a Ucr\u00e2nia\u201d<\/b> e que o novo primeiro-ministro do Jap\u00e3o se juntou \u00e0 \u201cColiga\u00e7\u00e3o dos Dispostos\u201d.&#13;\n<\/p>\n<p>O l\u00edder ucraniano afirmou ainda que o seu pa\u00eds ter\u00e1 de encontrar uma forma de produzir sistemas de defesa a\u00e9rea a n\u00edvel interno.<\/p>\n<p>Desde o in\u00edcio da guerra da R\u00fassia na Ucr\u00e2nia, Kiev aumentou a produ\u00e7\u00e3o de armamento, com quase 60 por cento das armas produzidas internamente neste momento. Ainda assim, continua a depender de fornecimentos ocidentais para sistemas de defesa a\u00e9rea e m\u00edsseis.&#13;\n<\/p>\n<p>Coliga\u00e7\u00e3o quer usar ativos russos congelados<br \/>\nAo lado de Zelensky, o primeiro-ministro brit\u00e2nico, Keir Starmer, disse por sua vez que <b>houve consenso durante a reuni\u00e3o da &#8220;Coliga\u00e7\u00e3o dos Dispostos&#8221; sobre o uso de ativos russos congelados para apoiar a Ucr\u00e2nia<\/b>, com os aliados a defenderem que tal deve acontecer rapidamente.<\/p>\n<p>&#8220;Ontem, a UE deu um importante passo em frente [ao aplicar san\u00e7\u00f5es \u00e0 R\u00fassia] e, na reuni\u00e3o desta tarde, ficou absolutamente claro que precisamos de ver esse progresso concretizado num curto espa\u00e7o de tempo&#8221;, disse Starmer aos jornalistas, ao lado dos l\u00edderes europeus e do presidente da Ucr\u00e2nia.<\/p>\n<p>Starmer referia-se ao 19.\u00ba pacote de san\u00e7\u00f5es da Uni\u00e3o Europeia, que <b>pro\u00edbe as importa\u00e7\u00f5es de g\u00e1s natural liquefeito russo<\/b> e visa entidades que v\u00e3o desde refinarias chinesas e bancos da \u00c1sia Central a uma pris\u00e3o m\u00e9dica russa.&#13;\n<\/p>\n<p>Na reuni\u00e3o desta sexta-feira, o presidente franc\u00eas, Emmanuel Macron, anunciou que Paris vai entregar &#8220;nos pr\u00f3ximos dias&#8221; m\u00edsseis antia\u00e9reos Aster &#8220;adicionais&#8221; \u00e0 Ucr\u00e2nia, assim como avi\u00f5es de combate Mirage.<\/p>\n<p><b>&#8220;\u00c9 muito importante manter o nosso esfor\u00e7o de apoio \u00e0 Ucr\u00e2nia e a press\u00e3o sobre a R\u00fassia&#8221;<\/b>, sublinhou Macron durante o encontro da chamada &#8220;Coliga\u00e7\u00e3o dos Dispostos&#8221; que re\u00fane mais de 20 pa\u00edses, maioritariamente europeus, entre os quais Portugal.<\/p>\n<p>c\/ ag\u00eancias<br \/>&#13;<\/p>\n","protected":false},"excerpt":{"rendered":"Falando em Londres ao lado de alguns dos l\u00edderes da chamada &#8220;Coliga\u00e7\u00e3o dos Dispostos&#8221;, Zelensky alertou ainda que&hellip;\n","protected":false},"author":2,"featured_media":125461,"comment_status":"","ping_status":"","sticky":false,"template":"","format":"standard","meta":{"footnotes":""},"categories":[50],"tags":[27,28,15,16,830,14,25,26,21,22,62,12,13,19,20,28820,23,24,3193,17,18,840,29,30,31,2416,63,64,65],"class_list":{"0":"post-125460","1":"post","2":"type-post","3":"status-publish","4":"format-standard","5":"has-post-thumbnail","7":"category-mundo","8":"tag-breaking-news","9":"tag-breakingnews","10":"tag-featured-news","11":"tag-featurednews","12":"tag-guerra","13":"tag-headlines","14":"tag-latest-news","15":"tag-latestnews","16":"tag-main-news","17":"tag-mainnews","18":"tag-mundo","19":"tag-news","20":"tag-noticias","21":"tag-noticias-principais","22":"tag-noticiasprincipais","23":"tag-petroliferas","24":"tag-principais-noticias","25":"tag-principaisnoticias","26":"tag-sancoes","27":"tag-top-stories","28":"tag-topstories","29":"tag-ucrania","30":"tag-ultimas","31":"tag-ultimas-noticias","32":"tag-ultimasnoticias","33":"tag-volodymyr-zelensky","34":"tag-world","35":"tag-world-news","36":"tag-worldnews"},"share_on_mastodon":{"url":"https:\/\/pubeurope.com\/@pt\/115433602093204910","error":""},"_links":{"self":[{"href":"https:\/\/www.europesays.com\/pt\/wp-json\/wp\/v2\/posts\/125460","targetHints":{"allow":["GET"]}}],"collection":[{"href":"https:\/\/www.europesays.com\/pt\/wp-json\/wp\/v2\/posts"}],"about":[{"href":"https:\/\/www.europesays.com\/pt\/wp-json\/wp\/v2\/types\/post"}],"author":[{"embeddable":true,"href":"https:\/\/www.europesays.com\/pt\/wp-json\/wp\/v2\/users\/2"}],"replies":[{"embeddable":true,"href":"https:\/\/www.europesays.com\/pt\/wp-json\/wp\/v2\/comments?post=125460"}],"version-history":[{"count":0,"href":"https:\/\/www.europesays.com\/pt\/wp-json\/wp\/v2\/posts\/125460\/revisions"}],"wp:featuredmedia":[{"embeddable":true,"href":"https:\/\/www.europesays.com\/pt\/wp-json\/wp\/v2\/media\/125461"}],"wp:attachment":[{"href":"https:\/\/www.europesays.com\/pt\/wp-json\/wp\/v2\/media?parent=125460"}],"wp:term":[{"taxonomy":"category","embeddable":true,"href":"https:\/\/www.europesays.com\/pt\/wp-json\/wp\/v2\/categories?post=125460"},{"taxonomy":"post_tag","embeddable":true,"href":"https:\/\/www.europesays.com\/pt\/wp-json\/wp\/v2\/tags?post=125460"}],"curies":[{"name":"wp","href":"https:\/\/api.w.org\/{rel}","templated":true}]}}