{"id":125464,"date":"2025-10-25T07:30:22","date_gmt":"2025-10-25T07:30:22","guid":{"rendered":"https:\/\/www.europesays.com\/pt\/125464\/"},"modified":"2025-10-25T07:30:22","modified_gmt":"2025-10-25T07:30:22","slug":"sporting-conclui-reembolso-de-creditos-televisivos-no-valor-de-688-milhoes","status":"publish","type":"post","link":"https:\/\/www.europesays.com\/pt\/125464\/","title":{"rendered":"Sporting conclui reembolso de cr\u00e9ditos televisivos no valor de 68,8 milh\u00f5es"},"content":{"rendered":"<p data-end=\"827\" data-start=\"569\">A SAD do Sporting anunciou esta quinta-feira ter conclu\u00eddo o reembolso integral da opera\u00e7\u00e3o de titulariza\u00e7\u00e3o de cr\u00e9ditos \u00abLion Finance n.\u00ba 2\u00bb, no montante de 68,79 milh\u00f5es de euros, sem encargos financeiros associados.<\/p>\n<p data-end=\"1309\" data-start=\"829\">Em comunicado enviado \u00e0 Comiss\u00e3o do Mercado de Valores Mobili\u00e1rios (CMVM), os le\u00f5es explicam que esta liquida\u00e7\u00e3o surge na sequ\u00eancia da emiss\u00e3o obrigacionista da Sporting Entertainment,\u00a0<a href=\"https:\/\/maisfutebol.iol.pt\/sporting\/comunicado\/sporting-emite-225-milhoes-de-euros-em-obrigacoes-para-a-renovacao-do-estadio\" target=\"_blank\" rel=\"nofollow noopener\">realizada a 22 de outubro, que gerou 225 milh\u00f5es de euros de financiamento<\/a>.<\/p>\n<p data-end=\"1309\" data-start=\"829\">Essa opera\u00e7\u00e3o permitiu \u00e0 SAD verde e branca readquirir a totalidade dos cr\u00e9ditos do contrato de cess\u00e3o de direitos televisivos com a NOS, que haviam sido transferidos para a Sagasta Finance STC, S.A., no \u00e2mbito da titulariza\u00e7\u00e3o de cr\u00e9ditos.<\/p>\n<p data-end=\"1508\" data-start=\"1311\">A SAD leonina sublinha que o reembolso foi aprovado por delibera\u00e7\u00e3o un\u00e2nime dos obrigacionistas, encerrando um processo iniciado em 2022 e que visava otimizar a estrutura de d\u00edvida do clube.<\/p>\n<p data-end=\"1544\" data-start=\"1515\"><strong>Leia aqui o comunicado na \u00edntegra<\/strong><\/p>\n<p data-end=\"1544\" data-start=\"1515\">\u00abA SPORTING CLUBE DE PORTUGAL \u2013 FUTEBOL, SAD (adiante Sporting SAD) vem, nos termos e para efeitos do cumprimento da obriga\u00e7\u00e3o de informa\u00e7\u00e3o que decorre do disposto no artigo 17.\u00ba do Regulamento (UE) n.\u00ba 596\/2014, do Parlamento Europeu e do Conselho, de 16 de Abril, prestar a seguinte informa\u00e7\u00e3o ao mercado:<\/p>\n<p data-end=\"1544\" data-start=\"1515\">Na sequ\u00eancia da conclus\u00e3o da opera\u00e7\u00e3o de emiss\u00e3o de obriga\u00e7\u00f5es da Sporting Entertainment, S.A. (adiante Sporting Entertainment) realizada no dia 22 de outubro de 2025, informa-se que, na presente data, a opera\u00e7\u00e3o de titulariza\u00e7\u00e3o de cr\u00e9ditos denominada \u201cLion Finance no. 2\u201d, assente na cess\u00e3o de cr\u00e9ditos emergentes do Contrato de Cess\u00e3o de Direitos Televisivos da NOS Lusomundo Audiovisuais, S.A. (adiante Contrato NOS) \u00e0 Sagasta Finance STC, S.A. (adiante Sagasta Finance) e na subsequente emiss\u00e3o de obriga\u00e7\u00f5es emitidas pela Sagasta Finance foi, por delibera\u00e7\u00e3o un\u00e2nime dos obrigacionistas, reembolsada, integralmente, pelo montante de EUR 68.792.338,48, sem quaisquer encargos financeiros associados.<\/p>\n<p data-end=\"1544\" data-start=\"1515\">Em consequ\u00eancia, a Sporting SAD e a Sporting Comunica\u00e7\u00e3o e Plataformas, S.A. readquiriram a totalidade dos cr\u00e9ditos emergentes do Contrato NOS vincendos at\u00e9 ao seu termo.<\/p>\n<p data-end=\"1544\" data-start=\"1515\">Lisboa, 23 de outubro de 2025<\/p>\n<p data-end=\"1544\" data-start=\"1515\">O Representante das Rela\u00e7\u00f5es com o Mercado\u00bb<\/p>\n","protected":false},"excerpt":{"rendered":"A SAD do Sporting anunciou esta quinta-feira ter conclu\u00eddo o reembolso integral da opera\u00e7\u00e3o de titulariza\u00e7\u00e3o de cr\u00e9ditos&hellip;\n","protected":false},"author":2,"featured_media":40484,"comment_status":"","ping_status":"","sticky":false,"template":"","format":"standard","meta":{"footnotes":""},"categories":[87],"tags":[7821,1318,135,7823,46,32,33,47,34,134],"class_list":{"0":"post-125464","1":"post","2":"type-post","3":"status-publish","4":"format-standard","5":"has-post-thumbnail","7":"category-desporto","8":"tag-cmvm","9":"tag-comunicado","10":"tag-desporto","11":"tag-direitos-televisivos","12":"tag-maisfutebol","13":"tag-portugal","14":"tag-pt","15":"tag-pura-paixao","16":"tag-sporting","17":"tag-sports"},"share_on_mastodon":{"url":"https:\/\/pubeurope.com\/@pt\/115433637356519187","error":""},"_links":{"self":[{"href":"https:\/\/www.europesays.com\/pt\/wp-json\/wp\/v2\/posts\/125464","targetHints":{"allow":["GET"]}}],"collection":[{"href":"https:\/\/www.europesays.com\/pt\/wp-json\/wp\/v2\/posts"}],"about":[{"href":"https:\/\/www.europesays.com\/pt\/wp-json\/wp\/v2\/types\/post"}],"author":[{"embeddable":true,"href":"https:\/\/www.europesays.com\/pt\/wp-json\/wp\/v2\/users\/2"}],"replies":[{"embeddable":true,"href":"https:\/\/www.europesays.com\/pt\/wp-json\/wp\/v2\/comments?post=125464"}],"version-history":[{"count":0,"href":"https:\/\/www.europesays.com\/pt\/wp-json\/wp\/v2\/posts\/125464\/revisions"}],"wp:featuredmedia":[{"embeddable":true,"href":"https:\/\/www.europesays.com\/pt\/wp-json\/wp\/v2\/media\/40484"}],"wp:attachment":[{"href":"https:\/\/www.europesays.com\/pt\/wp-json\/wp\/v2\/media?parent=125464"}],"wp:term":[{"taxonomy":"category","embeddable":true,"href":"https:\/\/www.europesays.com\/pt\/wp-json\/wp\/v2\/categories?post=125464"},{"taxonomy":"post_tag","embeddable":true,"href":"https:\/\/www.europesays.com\/pt\/wp-json\/wp\/v2\/tags?post=125464"}],"curies":[{"name":"wp","href":"https:\/\/api.w.org\/{rel}","templated":true}]}}