{"id":125467,"date":"2025-10-25T07:35:21","date_gmt":"2025-10-25T07:35:21","guid":{"rendered":"https:\/\/www.europesays.com\/pt\/125467\/"},"modified":"2025-10-25T07:35:21","modified_gmt":"2025-10-25T07:35:21","slug":"eua-enviam-poderoso-porta-avioes-nuclear-para-as-caraibas-observador","status":"publish","type":"post","link":"https:\/\/www.europesays.com\/pt\/125467\/","title":{"rendered":"EUA enviam poderoso porta-avi\u00f5es nuclear para as Cara\u00edbas \u2013 Observador"},"content":{"rendered":"<p>Os Estados Unidos da Am\u00e9rica (EUA) anunciaram esta sexta-feira que v\u00e3o enviar o porta-avi\u00f5es com capacidade nuclear Gerald R. Ford, juntamente com um conjunto de aeronaves, para a regi\u00e3o das Cara\u00edbas. Este \u00e9 um dos equipamentos de guerra mais potentes nas For\u00e7as Armadas norte-americanas e surge num momento de aumento de tens\u00e3o entre a Venezuela e os EUA.<\/p>\n<blockquote class=\"twitter-tweet\" data-width=\"500\" data-dnt=\"true\">\n<p lang=\"en\" dir=\"ltr\">STATEMENT:<\/p>\n<p>In support of the President\u2019s directive to dismantle Transnational Criminal Organizations (TCOs) and counter narco-terrorism in defense of the Homeland, the Secretary of War has directed the Gerald R. Ford Carrier Strike Group and embarked carrier air wing to the U.S.\u2026<\/p>\n<p>\u2014 Sean Parnell (@SeanParnellASW) <a href=\"https:\/\/twitter.com\/SeanParnellASW\/status\/1981759934539985132?ref_src=twsrc%5Etfw\" rel=\"nofollow noopener\" target=\"_blank\">October 24, 2025<\/a><\/p>\n<\/blockquote>\n<p>No X, o porta-voz chefe do Pent\u00e1gono, Sean Parnell, deu a conhecer a decis\u00e3o. \u201cApoiando a diretiva do Presidente de desmantelar as organiza\u00e7\u00f5es criminosas transnacionais e combater o narcoterrorismo em defesa da P\u00e1tria, o secret\u00e1rio da Guerra [Pete Hegseth] ordenou que se direcionasse o porta-avi\u00f5es Gerald R. Ford e uma ala a\u00e9rea para o Comando Sul dos Estados Unidos\u201d, l\u00ea-se na publica\u00e7\u00e3o.<\/p>\n<p>De acordo com Sean Parnell, esta a\u00e7\u00e3o vai <strong>\u201cfortalecer a presen\u00e7a dos Estados Unidos\u201d<\/strong> nas Cara\u00edbas. E vai \u201cfortalecer as capacidades dos Estados Unidos de detetar, monitorizar, criar obst\u00e1culos a atores il\u00edcitos e a atividades que comprometem a seguran\u00e7a e a prosperidade dos Estados Unidos\u201d, assim como a seguran\u00e7a norte-americana no Hemisf\u00e9rio Ocidental.<\/p>\n<p>\u201cEstas for\u00e7as v\u00e3o fortalecer e aumentar as capacidades existentes para criar disrup\u00e7\u00f5es ao tr\u00e1fico de narc\u00f3ticos e diminuir e desmantelar organiza\u00e7\u00f5es criminosas transnacionais\u201d, concluiu Sean Parnell. O porta-avi\u00f5es Gerald R. Ford estaria no Mar Mediterr\u00e2neo e deslocar-se-\u00e1 agora para as Cara\u00edbas.<\/p>\n<p><a href=\"https:\/\/www.politico.com\/news\/2025\/10\/24\/trump-orders-us-carrier-strike-group-to-caribbean-00621968\" rel=\"nofollow noopener\" target=\"_blank\">Segundo o Politico<\/a>, trata-se de uma \u201cgrande escalada\u201d na regi\u00e3o. Os Estados Unidos t\u00eam levado a cabo v\u00e1rios ataques contra embarca\u00e7\u00f5es que alegadamente transportam narc\u00f3ticos nas Cara\u00edbas. Mas Washington pode n\u00e3o se ficar por aqui \u2014 e atacar a Venezuela, sendo um dos poss\u00edveis objetivos derrubar o Presidente, Nicol\u00e1s Maduro, que os EUA acusam de ser o l\u00edder do C\u00e1rtel de Los Soles.<\/p>\n<p><strong>[A 14 de janeiro de 1986 um acontecimento muda o rumo da campanha das presidenciais: a inesperada agress\u00e3o a Soares na Marinha Grande. Nas urnas, o socialista e Zenha lutam por um lugar na segunda volta frente a Freitas.\u00a0<\/strong><strong>A\u00a0<a href=\"https:\/\/observador.pt\/programas\/a-eleio-mais-louca-de-sempre\/episodio-4-portugal-nao-e-moscovo\/\" rel=\"nofollow noopener\" target=\"_blank\">\u201cElei\u00e7\u00e3o Mais Louca de Sempre\u201d<\/a>\u00a0\u00e9 o novo Podcast Plus do Observador sobre as Presidenciais de 1986. Uma s\u00e9rie narrada pelo ator Gon\u00e7alo Waddington, com banda sonora original de Samuel \u00daria. Pode ouvir\u00a0<a href=\"https:\/\/observador.pt\/programas\/a-eleio-mais-louca-de-sempre\/episodio-4-portugal-nao-e-moscovo\/\" rel=\"nofollow noopener\" target=\"_blank\">aqui<\/a>, no\u00a0Observador, e tamb\u00e9m na\u00a0<a href=\"https:\/\/podcasts.apple.com\/pt\/podcast\/epis%C3%B3dio-4-portugal-n%C3%A3o-%C3%A9-moscovo\/id1841273464?i=1000732704045\" rel=\"nofollow noopener\" target=\"_blank\">Apple Podcasts<\/a>, no\u00a0<a href=\"https:\/\/open.spotify.com\/episode\/2SQPr5qiggrruRId3AGmaa?si=4da7e55fbfa04153\" rel=\"nofollow noopener\" target=\"_blank\">Spotify<\/a>\u00a0e no\u00a0<a href=\"https:\/\/music.youtube.com\/watch?v=lwRI8iL_ZKI&amp;si=LeJjFBTc0_lsQ8FS\" rel=\"nofollow noopener\" target=\"_blank\">Youtube Music<\/a>. E pode ouvir o primeiro epis\u00f3dio\u00a0<a href=\"https:\/\/observador.pt\/programas\/a-eleio-mais-louca-de-sempre\/estreia-a-eleicao-mais-louca-de-sempre-episodio-1-apostamos-no-cavalo-errado\/\" rel=\"nofollow noopener\" target=\"_blank\">aqui<\/a>, o segundo\u00a0<a href=\"https:\/\/observador.pt\/programas\/a-eleio-mais-louca-de-sempre\/episodio-2-uma-traicao-inesperada\/\" rel=\"nofollow noopener\" target=\"_blank\">aqui<\/a>\u00a0e o terceiro\u00a0<a href=\"https:\/\/observador.pt\/programas\/a-eleio-mais-louca-de-sempre\/episodio-3-ele-nao-e-meu-irmao\/\" rel=\"nofollow noopener\" target=\"_blank\">aqui<\/a>.]<\/strong><\/p>\n<p><a href=\"https:\/\/observador.pt\/programas\/a-eleio-mais-louca-de-sempre\/episodio-4-portugal-nao-e-moscovo\/\" rel=\"nofollow noopener\" target=\"_blank\"><\/p>\n<p>        <img src=\"https:\/\/www.europesays.com\/pt\/wp-content\/uploads\/2025\/10\/770-a-eleicao-mais-louca-de-sempre-playicon.png\" alt=\"\" loading=\"lazy\" decoding=\"async\" class=\"alignnone\" onload=\"this.parentElement.classList.remove('spinner')\" onerror=\"this.parentElement.classList.remove('spinner')\" width=\"770\" height=\"433\"\/>    <\/p>\n<p><\/a><\/p>\n<p>                    <strong>Tem um minuto?<\/strong><br \/>O Observador est\u00e1 a realizar junto dos seus leitores um curto estudo de apenas quatro perguntas. <a href=\"https:\/\/observador.typeform.com\/to\/DnJJ0FZQ\" target=\"_blank\" style=\"text-decoration: underline; color:#262626;\" rel=\"nofollow noopener\">Responda aqui<\/a>.<\/p>\n<p>            <script async src=\"https:\/\/platform.twitter.com\/widgets.js\" charset=\"utf-8\"><\/script><\/p>\n","protected":false},"excerpt":{"rendered":"Os Estados Unidos da Am\u00e9rica (EUA) anunciaram esta sexta-feira que v\u00e3o enviar o porta-avi\u00f5es com capacidade nuclear Gerald&hellip;\n","protected":false},"author":2,"featured_media":125468,"comment_status":"","ping_status":"","sticky":false,"template":"","format":"standard","meta":{"footnotes":""},"categories":[50],"tags":[624,27,28,623,15,16,14,25,26,21,22,62,12,13,19,20,4497,23,24,17,18,29,30,31,3023,63,64,65],"class_list":{"0":"post-125467","1":"post","2":"type-post","3":"status-publish","4":"format-standard","5":"has-post-thumbnail","7":"category-mundo","8":"tag-amu00e9rica","9":"tag-breaking-news","10":"tag-breakingnews","11":"tag-estados-unidos-da-amu00e9rica","12":"tag-featured-news","13":"tag-featurednews","14":"tag-headlines","15":"tag-latest-news","16":"tag-latestnews","17":"tag-main-news","18":"tag-mainnews","19":"tag-mundo","20":"tag-news","21":"tag-noticias","22":"tag-noticias-principais","23":"tag-noticiasprincipais","24":"tag-presidente-trump","25":"tag-principais-noticias","26":"tag-principaisnoticias","27":"tag-top-stories","28":"tag-topstories","29":"tag-ultimas","30":"tag-ultimas-noticias","31":"tag-ultimasnoticias","32":"tag-venezuela","33":"tag-world","34":"tag-world-news","35":"tag-worldnews"},"share_on_mastodon":{"url":"https:\/\/pubeurope.com\/@pt\/115433657192562308","error":""},"_links":{"self":[{"href":"https:\/\/www.europesays.com\/pt\/wp-json\/wp\/v2\/posts\/125467","targetHints":{"allow":["GET"]}}],"collection":[{"href":"https:\/\/www.europesays.com\/pt\/wp-json\/wp\/v2\/posts"}],"about":[{"href":"https:\/\/www.europesays.com\/pt\/wp-json\/wp\/v2\/types\/post"}],"author":[{"embeddable":true,"href":"https:\/\/www.europesays.com\/pt\/wp-json\/wp\/v2\/users\/2"}],"replies":[{"embeddable":true,"href":"https:\/\/www.europesays.com\/pt\/wp-json\/wp\/v2\/comments?post=125467"}],"version-history":[{"count":0,"href":"https:\/\/www.europesays.com\/pt\/wp-json\/wp\/v2\/posts\/125467\/revisions"}],"wp:featuredmedia":[{"embeddable":true,"href":"https:\/\/www.europesays.com\/pt\/wp-json\/wp\/v2\/media\/125468"}],"wp:attachment":[{"href":"https:\/\/www.europesays.com\/pt\/wp-json\/wp\/v2\/media?parent=125467"}],"wp:term":[{"taxonomy":"category","embeddable":true,"href":"https:\/\/www.europesays.com\/pt\/wp-json\/wp\/v2\/categories?post=125467"},{"taxonomy":"post_tag","embeddable":true,"href":"https:\/\/www.europesays.com\/pt\/wp-json\/wp\/v2\/tags?post=125467"}],"curies":[{"name":"wp","href":"https:\/\/api.w.org\/{rel}","templated":true}]}}