{"id":125470,"date":"2025-10-25T07:41:07","date_gmt":"2025-10-25T07:41:07","guid":{"rendered":"https:\/\/www.europesays.com\/pt\/125470\/"},"modified":"2025-10-25T07:41:07","modified_gmt":"2025-10-25T07:41:07","slug":"sandro-quer-juntar-liliana-e-ze-lidia-conta-tudo-em-direto-secret-story","status":"publish","type":"post","link":"https:\/\/www.europesays.com\/pt\/125470\/","title":{"rendered":"Sandro quer juntar Liliana e Z\u00e9? L\u00eddia conta tudo em direto &#8211; Secret Story"},"content":{"rendered":"<p>No Secret Story 9, durante o \u00daltima Hora, L\u00eddia fez uma confiss\u00e3o e garantiu que Sandro, ex-concorrente, est\u00e1 focado em voltar a juntar Liliana e Z\u00e9. <a href=\"https:\/\/tvi.iol.pt\/secretstory\/videos\/imagens-do-momento-sandro-tenta-convencer-liliana-a-terminar-com-ze-e-a-reacao-dela-chocou-todos\/68e0da550cf29d28d828c7b6\" rel=\"nofollow noopener\" target=\"_blank\">Imagens do momento: Sandro tenta convencer Liliana a terminar com Z\u00e9. E a rea\u00e7\u00e3o dela chocou todos &#8211; Secret Story &#8211; TVI<\/a>.<\/p>\n<p><strong>Esta semana cinco concorrentes est\u00e3o em risco de abandonar a casa mais vigiada do Pa\u00eds. Vote para salvar o seu concorrente favorito:<\/strong><\/p>\n<p><strong>BRUNO \u2013 761 20 20 04<br \/>IN\u00caS \u2013 761 20 20 10<br \/>LILIANA \u2013 761 20 20 14<br \/>MARIANA \u2013 761 20 20 15<br \/>RUI \u2013 761 20 20 19<\/strong><\/p>\n<p><a href=\"https:\/\/tvi.iol.pt\/secretstory\/aominuto\" wbo-id=\"32\" rel=\"nofollow noopener\" target=\"_blank\">Acompanhe, ao minuto, tudo o que acontece na casa mais vigiada do Pa\u00eds<\/a><\/p>\n","protected":false},"excerpt":{"rendered":"No Secret Story 9, durante o \u00daltima Hora, L\u00eddia fez uma confiss\u00e3o e garantiu que Sandro, ex-concorrente, est\u00e1&hellip;\n","protected":false},"author":2,"featured_media":125471,"comment_status":"","ping_status":"","sticky":false,"template":"","format":"standard","meta":{"footnotes":""},"categories":[142],"tags":[114,115,19033,19016,19034,32,33,151,19032,975],"class_list":{"0":"post-125470","1":"post","2":"type-post","3":"status-publish","4":"format-standard","5":"has-post-thumbnail","7":"category-tv","8":"tag-entertainment","9":"tag-entretenimento","10":"tag-galas-em-video","11":"tag-liliana","12":"tag-melhores-momentos-casa-dos-segredos","13":"tag-portugal","14":"tag-pt","15":"tag-tv","16":"tag-videos-secret-story-tvi","17":"tag-ze"},"share_on_mastodon":{"url":"https:\/\/pubeurope.com\/@pt\/115433680606410173","error":""},"_links":{"self":[{"href":"https:\/\/www.europesays.com\/pt\/wp-json\/wp\/v2\/posts\/125470","targetHints":{"allow":["GET"]}}],"collection":[{"href":"https:\/\/www.europesays.com\/pt\/wp-json\/wp\/v2\/posts"}],"about":[{"href":"https:\/\/www.europesays.com\/pt\/wp-json\/wp\/v2\/types\/post"}],"author":[{"embeddable":true,"href":"https:\/\/www.europesays.com\/pt\/wp-json\/wp\/v2\/users\/2"}],"replies":[{"embeddable":true,"href":"https:\/\/www.europesays.com\/pt\/wp-json\/wp\/v2\/comments?post=125470"}],"version-history":[{"count":0,"href":"https:\/\/www.europesays.com\/pt\/wp-json\/wp\/v2\/posts\/125470\/revisions"}],"wp:featuredmedia":[{"embeddable":true,"href":"https:\/\/www.europesays.com\/pt\/wp-json\/wp\/v2\/media\/125471"}],"wp:attachment":[{"href":"https:\/\/www.europesays.com\/pt\/wp-json\/wp\/v2\/media?parent=125470"}],"wp:term":[{"taxonomy":"category","embeddable":true,"href":"https:\/\/www.europesays.com\/pt\/wp-json\/wp\/v2\/categories?post=125470"},{"taxonomy":"post_tag","embeddable":true,"href":"https:\/\/www.europesays.com\/pt\/wp-json\/wp\/v2\/tags?post=125470"}],"curies":[{"name":"wp","href":"https:\/\/api.w.org\/{rel}","templated":true}]}}