{"id":125472,"date":"2025-10-25T07:44:15","date_gmt":"2025-10-25T07:44:15","guid":{"rendered":"https:\/\/www.europesays.com\/pt\/125472\/"},"modified":"2025-10-25T07:44:15","modified_gmt":"2025-10-25T07:44:15","slug":"temos-uma-parceria-estrategica-para-o-benfica-regressar-as-estradas-no-ciclismo","status":"publish","type":"post","link":"https:\/\/www.europesays.com\/pt\/125472\/","title":{"rendered":"\u00abTemos uma parceria estrat\u00e9gica para o Benfica regressar \u00e0s estradas no ciclismo\u00bb"},"content":{"rendered":"<p>&#8211; Advertisement &#8211;<\/p>\n<p><strong>O Benfica vai a votos no s\u00e1bado e na noite desta quinta-feira realizou-se o debate entre todos os candidatos \u00e0 lideran\u00e7a do conjunto da Luz.<\/strong><\/p>\n<p>Durante esta quinta-feira realizou-se o debate entre todos os candidatos \u00e0 presid\u00eancia do Benfica: Rui Costa, Jo\u00e3o Noronha Lopes, Lu\u00eds Filipe Vieira, Jo\u00e3o Diogo Manteigas, Martim Mayer e Crist\u00f3v\u00e3o Carvalho. <\/p>\n<p>Jo\u00e3o Diogo Manteigas anunciou que tem acordo com uma equipa de ciclismo:<\/p>\n<p>\u00abDiscord\u00e1mos da passagem do futebol feminino para a SAD, n\u00e3o se traduziu em resultados. Faz sentido numa SAD aut\u00f3noma, o Benfica \u00e9 o melhor exemplar para um projeto aut\u00f3nomo e independente. Um modelo diferente para reconhecer a marca Benfica, manter a hegemonia nacional e investir na Champions. O Benfica pode perder o barco num t\u00edtulo europeu. As modalidades s\u00e3o pilares, n\u00e3o podemos ganhar milh\u00f5es sem ser campe\u00f5es. Futebol, andebol e basquetebol, 13 derrotas europeias em 14 jogos. V\u00edtor Pataco o diretor geral, Pedro Nunes o diretor desportivo. Vamos mudar o modelo desportivo, passar pelas modalidades ol\u00edmpicas, captar um main sponsor que n\u00e3o limite o investimento. O h\u00f3quei e o futsal s\u00e3o modalidades que n\u00e3o d\u00e1 para perceber, temos de ser hegem\u00f3nicos em Portugal e no Europeu. Temos uma parceria estrat\u00e9gica para o Benfica regressar \u00e0s estradas no ciclismo\u00bb.<\/p>\n<p>Podes ler o <a href=\"https:\/\/bolanarede.pt\/especial-bola-na-rede\/atualidade\/acompanha-o-debate-entre-os-candidatos-a-presidencia-do-benfica-em-direto-e-ao-minuto\/\" target=\"_blank\" rel=\"noreferrer noopener nofollow\">debate completo<\/a>.<\/p>\n","protected":false},"excerpt":{"rendered":"&#8211; Advertisement &#8211; O Benfica vai a votos no s\u00e1bado e na noite desta quinta-feira realizou-se o debate&hellip;\n","protected":false},"author":2,"featured_media":125473,"comment_status":"","ping_status":"","sticky":false,"template":"","format":"standard","meta":{"footnotes":""},"categories":[87],"tags":[260,51,135,32,479,33,134],"class_list":{"0":"post-125472","1":"post","2":"type-post","3":"status-publish","4":"format-standard","5":"has-post-thumbnail","7":"category-desporto","8":"tag-atualidade","9":"tag-benfica","10":"tag-desporto","11":"tag-portugal","12":"tag-primeira-liga","13":"tag-pt","14":"tag-sports"},"share_on_mastodon":{"url":"https:\/\/pubeurope.com\/@pt\/115433692743288061","error":""},"_links":{"self":[{"href":"https:\/\/www.europesays.com\/pt\/wp-json\/wp\/v2\/posts\/125472","targetHints":{"allow":["GET"]}}],"collection":[{"href":"https:\/\/www.europesays.com\/pt\/wp-json\/wp\/v2\/posts"}],"about":[{"href":"https:\/\/www.europesays.com\/pt\/wp-json\/wp\/v2\/types\/post"}],"author":[{"embeddable":true,"href":"https:\/\/www.europesays.com\/pt\/wp-json\/wp\/v2\/users\/2"}],"replies":[{"embeddable":true,"href":"https:\/\/www.europesays.com\/pt\/wp-json\/wp\/v2\/comments?post=125472"}],"version-history":[{"count":0,"href":"https:\/\/www.europesays.com\/pt\/wp-json\/wp\/v2\/posts\/125472\/revisions"}],"wp:featuredmedia":[{"embeddable":true,"href":"https:\/\/www.europesays.com\/pt\/wp-json\/wp\/v2\/media\/125473"}],"wp:attachment":[{"href":"https:\/\/www.europesays.com\/pt\/wp-json\/wp\/v2\/media?parent=125472"}],"wp:term":[{"taxonomy":"category","embeddable":true,"href":"https:\/\/www.europesays.com\/pt\/wp-json\/wp\/v2\/categories?post=125472"},{"taxonomy":"post_tag","embeddable":true,"href":"https:\/\/www.europesays.com\/pt\/wp-json\/wp\/v2\/tags?post=125472"}],"curies":[{"name":"wp","href":"https:\/\/api.w.org\/{rel}","templated":true}]}}