{"id":125474,"date":"2025-10-25T07:45:08","date_gmt":"2025-10-25T07:45:08","guid":{"rendered":"https:\/\/www.europesays.com\/pt\/125474\/"},"modified":"2025-10-25T07:45:08","modified_gmt":"2025-10-25T07:45:08","slug":"transplante-de-figado-23-mil-pessoas-aguardam-cirurgia-no-brasil","status":"publish","type":"post","link":"https:\/\/www.europesays.com\/pt\/125474\/","title":{"rendered":"Transplante de f\u00edgado: 2,3 mil pessoas aguardam cirurgia no Brasil"},"content":{"rendered":"<p>Atualmente, <strong>homens entre 50 e 64 anos representam a maioria das mais de 2,3 mil pessoas que aguardam por um transplante de f\u00edgado<\/strong> no Brasil. Os <a href=\"https:\/\/www.gov.br\/saude\/pt-br\/composicao\/saes\/snt\/lista-de-espera-e-transplantes-realizados-no-brasil-no-ano-recorrente\" rel=\"nofollow noopener\" target=\"_blank\">dados<\/a>\u00a0s\u00e3o do <a href=\"https:\/\/www.gov.br\/saude\/pt-br\" rel=\"nofollow noopener\" target=\"_blank\">Minist\u00e9rio da Sa\u00fade<\/a><a href=\"http:\/\/www.gov.br\/saude\/pt-br\" rel=\"nofollow noopener\" target=\"_blank\">\u00a0(MS)<\/a>.<\/p>\n<p><strong>O <a href=\"https:\/\/www.gov.br\/saude\/pt-br\/composicao\/saes\/snt\/figado\" rel=\"nofollow noopener\" target=\"_blank\">f\u00edgado<\/a>\u00a0\u00e9 a maior gl\u00e2ndula do corpo humano<\/strong> e est\u00e1 localizado na parte superior direita do abd\u00f4men. \u00c9 um \u00f3rg\u00e3o vital, com <strong>m\u00faltiplas fun\u00e7\u00f5es essenciais para o funcionamento do organismo, <\/strong>como o metabolismo da glicose e das prote\u00ednas, o armazenamento de vitaminas e minerais, a metaboliza\u00e7\u00e3o de medicamentos, a elimina\u00e7\u00e3o de toxinas, al\u00e9m da produ\u00e7\u00e3o de prote\u00ednas e fatores de coagula\u00e7\u00e3o. Por ter alta capacidade de regenera\u00e7\u00e3o, <strong>\u00e9 poss\u00edvel doar parte do f\u00edgado em vida<\/strong>, sem preju\u00edzo \u00e0 sa\u00fade do doador.<\/p>\n<p>O cirurgi\u00e3o geral Luiz Gustavo Guedes, especialista na \u00e1rea, destaca que <strong>ampliar a doa\u00e7\u00e3o de \u00f3rg\u00e3os \u00e9 fundamental para salvar vidas<\/strong> e devolver qualidade de vida aos pacientes.<\/p>\n<p>\u201cSe a gente conseguisse ampliar a doa\u00e7\u00e3o de \u00f3rg\u00e3os, aumentar o n\u00famero de doadores efetivos, a gente conseguiria dar a chance de vida para a maioria dos pacientes, de se recuperarem, de continuar vivendo e mesmo produzindo, porque o objetivo maior do transplante \u00e9 manter a produ\u00e7\u00e3o, voltar para a sociedade, trabalhar e interagir com seus familiares\u201d, evidencia.\u00a0<\/p>\n<p>Para entrar na lista de espera por um transplante de f\u00edgado, <strong>o paciente precisa estar em tratamento de doen\u00e7as hep\u00e1ticas graves e irrevers\u00edveis<\/strong>. Entre as indica\u00e7\u00f5es est\u00e3o:<\/p>\n<ul>&#13;<\/p>\n<li>Cirrose por hepatite B ou C;<\/li>\n<p>&#13;<\/p>\n<li>Cirrose alco\u00f3lica;<\/li>\n<p>&#13;<\/p>\n<li>C\u00e2ncer prim\u00e1rio do f\u00edgado, entre outras.<\/li>\n<p>&#13;\n<\/ul>\n<p>De acordo com o MS, <strong>desde o in\u00edcio de 2025, aproximadamente 2 mil transplantes de f\u00edgado j\u00e1 foram realizados no pa\u00eds<\/strong>. Desse total,<strong> 64%<\/strong> beneficiaram <strong>pacientes do sexo masculino<\/strong>.<\/p>\n<p><a href=\"https:\/\/www.gov.br\/saude\/pt-br\/campanhas-da-saude\/2025\/doacao-de-orgaos\" rel=\"nofollow noopener\" target=\"_blank\">\u201cVoc\u00ea diz sim, o Brasil inteiro agradece\u201d<\/a>. Converse com sua fam\u00edlia e seja um doador. Para mais informa\u00e7\u00f5es, acesse o site <a href=\"https:\/\/www.gov.br\/saude\/pt-br\" rel=\"nofollow noopener\" target=\"_blank\">gov.br\/saude<\/a>.<\/p>\n","protected":false},"excerpt":{"rendered":"Atualmente, homens entre 50 e 64 anos representam a maioria das mais de 2,3 mil pessoas que aguardam&hellip;\n","protected":false},"author":2,"featured_media":125475,"comment_status":"","ping_status":"","sticky":false,"template":"","format":"standard","meta":{"footnotes":""},"categories":[86],"tags":[1430,1425,1420,1419,1427,1426,1422,1424,1421,1423,28821,116,1428,1703,52,32,1429,33,117,5721],"class_list":{"0":"post-125474","1":"post","2":"type-post","3":"status-publish","4":"format-standard","5":"has-post-thumbnail","7":"category-saude","8":"tag-agronegocios","9":"tag-audio-para-radio","10":"tag-brasi-61","11":"tag-brasil61","12":"tag-brasilia","13":"tag-congresso","14":"tag-conteudo-para-blog","15":"tag-conteudo-para-gratuito","16":"tag-conteudo-para-radios","17":"tag-conteudo-para-site","18":"tag-doe-orgaos","19":"tag-health","20":"tag-jornalismo","21":"tag-ministerio-da-saude","22":"tag-politica","23":"tag-portugal","24":"tag-previsao-do-tempo","25":"tag-pt","26":"tag-saude","27":"tag-transplante"},"share_on_mastodon":{"url":"https:\/\/pubeurope.com\/@pt\/115433696310643433","error":""},"_links":{"self":[{"href":"https:\/\/www.europesays.com\/pt\/wp-json\/wp\/v2\/posts\/125474","targetHints":{"allow":["GET"]}}],"collection":[{"href":"https:\/\/www.europesays.com\/pt\/wp-json\/wp\/v2\/posts"}],"about":[{"href":"https:\/\/www.europesays.com\/pt\/wp-json\/wp\/v2\/types\/post"}],"author":[{"embeddable":true,"href":"https:\/\/www.europesays.com\/pt\/wp-json\/wp\/v2\/users\/2"}],"replies":[{"embeddable":true,"href":"https:\/\/www.europesays.com\/pt\/wp-json\/wp\/v2\/comments?post=125474"}],"version-history":[{"count":0,"href":"https:\/\/www.europesays.com\/pt\/wp-json\/wp\/v2\/posts\/125474\/revisions"}],"wp:featuredmedia":[{"embeddable":true,"href":"https:\/\/www.europesays.com\/pt\/wp-json\/wp\/v2\/media\/125475"}],"wp:attachment":[{"href":"https:\/\/www.europesays.com\/pt\/wp-json\/wp\/v2\/media?parent=125474"}],"wp:term":[{"taxonomy":"category","embeddable":true,"href":"https:\/\/www.europesays.com\/pt\/wp-json\/wp\/v2\/categories?post=125474"},{"taxonomy":"post_tag","embeddable":true,"href":"https:\/\/www.europesays.com\/pt\/wp-json\/wp\/v2\/tags?post=125474"}],"curies":[{"name":"wp","href":"https:\/\/api.w.org\/{rel}","templated":true}]}}