{"id":125490,"date":"2025-10-25T08:13:12","date_gmt":"2025-10-25T08:13:12","guid":{"rendered":"https:\/\/www.europesays.com\/pt\/125490\/"},"modified":"2025-10-25T08:13:12","modified_gmt":"2025-10-25T08:13:12","slug":"mulheres-relatam-abandono-do-parceiro-apos-cancer-de-mama-25-10-2025-equilibrio-e-saude","status":"publish","type":"post","link":"https:\/\/www.europesays.com\/pt\/125490\/","title":{"rendered":"Mulheres relatam abandono do parceiro ap\u00f3s c\u00e2ncer de mama &#8211; 25\/10\/2025 &#8211; Equil\u00edbrio e Sa\u00fade"},"content":{"rendered":"<p>&#8220;Essa menina vai custar quanto para a gente? Quanto vai sair essa brincadeira?&#8221;. A pergunta foi feita pelo ex-sogro da palestrante, influenciadora e escritora Jana\u00edna Almeida, hoje com 37 anos. Segundo o relato de Jana\u00edna, a fala se referia aos custos de exames que ela teria que fazer ap\u00f3s uma suspeita de <a href=\"https:\/\/www1.folha.uol.com.br\/folha-topicos\/cancer-de-mama\/\" rel=\"nofollow noopener\" target=\"_blank\">c\u00e2ncer de mama<\/a>.<\/p>\n<p>O ano era 2019. Ela<b> <\/b>estava casada com um m\u00e9dico, com quem tem um filho. E conta que o homem a abandonou pouco tempo depois de confirmado o diagn\u00f3stico: um carcinoma invasivo na <a href=\"https:\/\/www1.folha.uol.com.br\/equilibrioesaude\/2025\/01\/tecnica-de-congelamento-do-cancer-na-mama-mostra-100-de-eficacia-em-estudo-brasileiro.shtml\" rel=\"nofollow noopener\" target=\"_blank\">mama<\/a> esquerda.<\/p>\n<p>Um <a href=\"https:\/\/www1.folha.uol.com.br\/mercado\/2024\/10\/mulheres-sofrem-com-perda-do-emprego-apos-diagnostico-de-cancer-de-mama-aponta-datafolha.shtml\" rel=\"nofollow noopener\" target=\"\">levantamento realizado em 2024<\/a> pela <a href=\"https:\/\/www1.folha.uol.com.br\/equilibrioesaude\/2025\/10\/fundadora-da-femama-diz-que-questao-do-cancer-e-global-mas-solucoes-precisam-ser-locais.shtml\" rel=\"nofollow noopener\" target=\"_blank\">Femama <\/a>(Federa\u00e7\u00e3o Brasileira de Institui\u00e7\u00f5es Filantr\u00f3picas de Apoio \u00e0 Sa\u00fade da Mama) com o <a href=\"https:\/\/www1.folha.uol.com.br\/folha-topicos\/datafolha\/\" rel=\"nofollow noopener\" target=\"_blank\">Datafolha<\/a> e a AstraZeneca mostrou que 1 em cada 10 mulheres com diagn\u00f3stico de <a href=\"https:\/\/www1.folha.uol.com.br\/folha-topicos\/cancer-de-mama\/\" rel=\"nofollow noopener\" target=\"_blank\">c\u00e2ncer de mama<\/a> \u00e9 abandonada pelo parceiro ap\u00f3s a confirma\u00e7\u00e3o da doen\u00e7a. A pesquisa analisou as respostas de 240 pacientes em cidades como <a href=\"https:\/\/www1.folha.uol.com.br\/folha-topicos\/sao-paulo\/\" rel=\"nofollow noopener\" target=\"\">S\u00e3o Paulo<\/a>, <a href=\"https:\/\/www1.folha.uol.com.br\/folha-topicos\/rio-de-janeiro\/\" rel=\"nofollow noopener\" target=\"\">Rio de Janeiro<\/a>, Salvador, Curitiba e Goi\u00e2nia.<\/p>\n<p>Em janeiro daquele ano, Jana\u00edna havia ido ao ginecologista e sua sa\u00fade estava perfeita. &#8220;Ele fez <a href=\"https:\/\/www1.folha.uol.com.br\/equilibrioesaude\/2025\/04\/sus-comeca-a-substituir-papanicolau-por-teste-de-dna-a-partir-de-maio.shtml\" rel=\"nofollow noopener\" target=\"\">papanicolau<\/a>, exame de toque, disse que eu estava \u00f3tima e perguntou quando eu teria o segundo filho. Sa\u00ed de l\u00e1 confiante e guardei as guias para a ultrassonografia <a href=\"https:\/\/www1.folha.uol.com.br\/equilibrioesaude\/2021\/09\/pensei-que-fosse-muito-jovem-para-ter-cancer-de-mama.shtml\" rel=\"nofollow noopener\" target=\"\">da mama<\/a> e o transvaginal no porta-luvas do carro&#8221;, conta.<\/p>\n<p>No m\u00eas seguinte ela come\u00e7ou a sentir <a href=\"https:\/\/www1.folha.uol.com.br\/poder\/2019\/02\/nauseas-e-vomitos-de-bolsonaro-foram-provocados-por-paralisia-no-intestino.shtml\" rel=\"nofollow noopener\" target=\"\">n\u00e1useas<\/a>. Fez v\u00e1rios exames, todos com resultados normais.<\/p>\n<p>&#8220;Fiquei angustiada. Era como se uma voz tivesse falado ao meu ouvido e me feito lembrar dos exames no porta-luvas. Marquei a ultrassonografia para o dia seguinte. Morava em Londrina, no <a href=\"https:\/\/www1.folha.uol.com.br\/folha-topicos\/parana-estado\/\" rel=\"nofollow noopener\" target=\"\">Paran\u00e1<\/a>. Durante o exame, a m\u00e9dica me olhou com uma cara estranha e de choro. O <a href=\"https:\/\/www1.folha.uol.com.br\/equilibrioesaude\/2025\/03\/cooperacao-entre-celulas-cancerigenas-pode-levar-a-crescimento-rapido-de-tumor-sugere-pesquisa.shtml\" rel=\"nofollow noopener\" target=\"\">tumor<\/a> era horr\u00edvel e n\u00e3o tinha caracter\u00edstica benigna. Ela me perguntou se eu sabia do <a href=\"https:\/\/f5.folha.uol.com.br\/celebridades\/2024\/10\/rodrigo-faro-pede-oracoes-apos-vera-viel-descobrir-nodulo.shtml\" rel=\"nofollow noopener\" target=\"\">n\u00f3dulo<\/a>. Respondi que n\u00e3o&#8221;, lembra.<\/p>\n<p>Jana\u00edna conta que, assustada, telefonou ao ent\u00e3o marido, que a repreendeu. &#8220;Ele disse: &#8216;Pare de procurar doen\u00e7a. Pode sair da\u00ed. Eu rasgo o meu CRM e deixo de ser m\u00e9dico. Voc\u00ea n\u00e3o tem doen\u00e7a nenhuma&#8217;.&#8221;<\/p>\n<p>O <a href=\"https:\/\/www1.folha.uol.com.br\/equilibrioesaude\/2025\/02\/um-em-cada-20-mulheres-recebera-diagnostico-de-cancer-de-mama-ao-longo-da-vida-projeta-estudo.shtml\" rel=\"nofollow noopener\" target=\"_blank\">diagn\u00f3stico de c\u00e2ncer<\/a> foi confirmado poucos dias depois. O esposo ent\u00e3o acionou outro colega m\u00e9dico, que recomendou urg\u00eancia. Jana\u00edna saiu de casa com a roupa do corpo e duas malas, dela e do filho, rumo a S\u00e3o Paulo. Hospedou-se na casa dos pais.<\/p>\n<p>A consulta com o <a href=\"https:\/\/www1.folha.uol.com.br\/paineldoleitor\/2016\/03\/1753550-oncologista-diz-nao-aguentar-mais-falar-sobre-pilula-do-cancer.shtml\" rel=\"nofollow noopener\" target=\"\">oncologista<\/a> estava marcada para o dia seguinte. Como o <a href=\"https:\/\/www1.folha.uol.com.br\/folha-topicos\/plano-de-saude\/\" rel=\"nofollow noopener\" target=\"\">plano de sa\u00fade<\/a> s\u00f3 atendia em Londrina, os exames foram pagos pela fam\u00edlia.<strong> <\/strong>Em uma semana, a despesa chegou perto de R$ 10 mil.<\/p>\n<p>A influenciadora descobriu que o tumor era agressivo e poderia causar <a href=\"https:\/\/www1.folha.uol.com.br\/equilibrioesaude\/2025\/01\/estudo-mostra-por-que-metastase-de-cancer-ocorre-com-frequencia-no-pulmao.shtml\" rel=\"nofollow noopener\" target=\"\">met\u00e1stase<\/a> rapidamente. Ela conta que o marido ent\u00e3o come\u00e7ou a se distanciar.<\/p>\n<p>&#8220;[Eu dizia] &#8216;C\u00e2ncer n\u00e3o passa, n\u00e3o. O que aconteceu? Preciso de voc\u00ea&#8217;. Em resposta, ele disse umas tr\u00eas vezes que n\u00e3o iria dar certo&#8221;, lembra Jana\u00edna. &#8220;Eu tinha que ser forte porque minha fam\u00edlia estava em choque. Meu filho estava com 4 para 5 anos. Recebi o resultado do subtipo do tumor numa quinta-feira, e ele foi embora no s\u00e1bado seguinte. Nunca mais voltou.&#8221;<\/p>\n<p>Jana\u00edna respondeu bem ao tratamento e est\u00e1 em remiss\u00e3o. Parte desse sucesso ela atribui ao reencontro com um namorado que teve aos 18 anos. Foram 16 <a href=\"https:\/\/f5.folha.uol.com.br\/celebridades\/2025\/10\/val-marchiori-compartilha-primeira-sessao-de-quimioterapia-nas-redes-sociais-e-relata-dor.shtml\" rel=\"nofollow noopener\" target=\"_blank\">sess\u00f5es de quimioterapia<\/a> e a recomenda\u00e7\u00e3o de <a href=\"https:\/\/www1.folha.uol.com.br\/equilibrioesaude\/2025\/05\/jovem-com-sindrome-rara-faz-mastectomia-preventiva-por-risco-de-cancer.shtml\" rel=\"nofollow noopener\" target=\"\">mastectomia<\/a> bilateral preventiva. Nesse per\u00edodo ela tamb\u00e9m descobriu uma muta\u00e7\u00e3o gen\u00e9tica associada ao risco de v\u00e1rios tipos de c\u00e2ncer.<\/p>\n<p>&#8220;Um tempo ap\u00f3s a qu\u00edmio, na m\u00e1quina de resson\u00e2ncia, o m\u00e9dico disse que eu precisava sair do equipamento porque estava gr\u00e1vida. Meu &#8216;milagrinho&#8217; j\u00e1 fez quatro anos. Aos 35 anos, por causa da muta\u00e7\u00e3o gen\u00e9tica, tive que retirar os ov\u00e1rios de maneira preventiva e entrei em <a href=\"https:\/\/www1.folha.uol.com.br\/equilibrioesaude\/2025\/07\/farmaceuticas-investem-em-tratamentos-nao-hormonais-para-menopausa.shtml\" rel=\"nofollow noopener\" target=\"\">menopausa<\/a>.&#8221;<\/p>\n<p>A professora Fernanda da Silva (nome fict\u00edcio), 35, moradora em Estrela, no Rio Grande do Sul, conta que passou por situa\u00e7\u00e3o parecida. Quando recebeu o diagn\u00f3stico de <a href=\"https:\/\/www1.folha.uol.com.br\/equilibrioesaude\/2025\/06\/toxina-de-escorpiao-da-amazonia-e-capaz-de-matar-celulas-de-cancer-de-mama.shtml\" rel=\"nofollow noopener\" target=\"\">c\u00e2ncer na mama<\/a> direita, em 2019, a doen\u00e7a j\u00e1 estava em est\u00e1gio avan\u00e7ado.<\/p>\n<p>Fernanda vivia com o companheiro havia cinco anos e tinha uma filha de dois anos. Contrariado por ter que faltar ao trabalho, o parceiro a acompanhou ao <a href=\"https:\/\/www1.folha.uol.com.br\/equilibrioesaude\/2025\/09\/oncologista-lista-quatro-sintomas-alarmantes-que-geralmente-nao-sao-cancer.shtml\" rel=\"nofollow noopener\" target=\"\">oncologista<\/a>, que explicou como seria o tratamento e a quimioterapia. Na primeira sess\u00e3o, o casal permaneceu no hospital o dia inteiro. Ao chegar em casa, o homem disse que n\u00e3o aguentaria aquela situa\u00e7\u00e3o.<\/p>\n<p>A professora conta que saiu de casa com a filha e foi amparada pelas amigas, que se tornaram sua fam\u00edlia. Atualmente tamb\u00e9m tem outro companheiro.<\/p>\n<p>Al\u00e9m da quimioterapia, Fernanda passou por <a href=\"https:\/\/www1.folha.uol.com.br\/equilibrioesaude\/2025\/10\/governo-repassara-mais-r-156-mi-para-expandir-radioterapia-e-hospedar-pacientes-em-tratamento.shtml\" rel=\"nofollow noopener\" target=\"\">radioterapia<\/a> e cirurgia. E seu tratamento continua, uma vez que a doen\u00e7a foi descoberta em est\u00e1gio avan\u00e7ado.<\/p>\n<p>    Cuide-se<\/p>\n<p class=\"c-newsletter__subtitle\">Ci\u00eancia, h\u00e1bitos e preven\u00e7\u00e3o numa newsletter para a sua sa\u00fade e bem-estar<\/p>\n<p>O <a href=\"https:\/\/www1.folha.uol.com.br\/equilibrioesaude\/2023\/03\/cresce-sensacao-de-tristeza-e-estresse-no-mundo-e-pandemia-pode-ter-agravado-o-quadro.shtml\" rel=\"nofollow noopener\" target=\"\">estresse<\/a> tem efeitos danosos no funcionamento metab\u00f3lico, e o abandono pode piorar o estado de sa\u00fade dos pacientes, o progn\u00f3stico e as respostas ao tratamento, com possibilidade de mais <a href=\"https:\/\/www1.folha.uol.com.br\/equilibrioesaude\/2025\/10\/a-comparacao-dos-efeitos-colaterais-de-diferentes-antidepressivos-segundo-pesquisa.shtml\" rel=\"nofollow noopener\" target=\"\">efeitos colaterais<\/a>, segundo a psiquiatra Lorena Caleffi, membro do Conselho Cient\u00edfico da Femama.<\/p>\n<p>H\u00e1 ainda as consequ\u00eancias emocionais geradas por sentimentos de <a href=\"https:\/\/www1.folha.uol.com.br\/blogs\/praca-do-leitor\/2024\/01\/seja-bem-vinda-prezada-tristeza.shtml\" rel=\"nofollow noopener\" target=\"\">tristeza<\/a>, desespero e desamparo. &#8220;Quem vai me levar ao hospital, ajudar a ir \u00e0s consultas e se responsabilizar por mim numa interna\u00e7\u00e3o, se for necess\u00e1rio? Sempre precisa ter um caminhar junto&#8221;, diz Caleffi.<\/p>\n<p>Tamb\u00e9m podem ocorrer crises de depress\u00e3o, <a href=\"https:\/\/www1.folha.uol.com.br\/equilibrio\/2025\/08\/bruxismo-e-intensificado-por-ansiedade-e-estresse-e-pode-causar-fratura-de-dentes.shtml\" rel=\"nofollow noopener\" target=\"_blank\">ansiedade<\/a> e <a href=\"https:\/\/www1.folha.uol.com.br\/equilibrioesaude\/2025\/09\/anvisa-aprova-novo-medicamento-para-insonia-que-reduz-risco-de-dependencia.shtml\" rel=\"nofollow noopener\" target=\"_blank\">ins\u00f4nia<\/a>, bem como redu\u00e7\u00e3o da <a href=\"https:\/\/www1.folha.uol.com.br\/equilibrio\/2025\/10\/maior-exposicao-a-masculinidade-digital-e-associada-a-baixa-autoestima-em-meninos-diz-estudo.shtml\" rel=\"nofollow noopener\" target=\"_blank\">autoestima<\/a>. Tudo isso, segundo a psiquiatra, aumentam o des\u00e2nimo das pacientes e podem levar \u00e0 desist\u00eancia de seguir com o tratamento.<\/p>\n<p>&#8220;Para que eu vou fazer todo esse tratamento se eu sou uma pessoa com quem n\u00e3o vale a pena ficar junto? Estou doente, com <a href=\"https:\/\/www1.folha.uol.com.br\/equilibrioesaude\/2025\/10\/no-amazonas-mulheres-viajam-ate-8-dias-de-barco-para-tratar-cancer-em-manaus.shtml\" rel=\"nofollow noopener\" target=\"\">c\u00e2ncer<\/a>, vou ficar mutilada [se houver indica\u00e7\u00e3o cir\u00fargica] e quem est\u00e1 ao meu lado, que deveria me admirar e apoiar, acha que n\u00e3o vale a pena. A paciente pode ter este tipo de questionamento&#8221;, afirma.<\/p>\n<p>De acordo com a m\u00e9dica, \u00e9 importante que <a href=\"https:\/\/www1.folha.uol.com.br\/equilibrio\/2025\/06\/um-ente-querido-recebeu-o-diagnostico-de-demencia-e-agora.shtml\" rel=\"nofollow noopener\" target=\"\">entes queridos <\/a>estejam dispon\u00edveis e sejam proativos. &#8220;Ligue, mesmo que a pessoa diga que est\u00e1 cansada e quer dormir. V\u00e1 at\u00e9 ela e fa\u00e7a algo. Pode ser um lanche, comprar um doce. V\u00e1 e fique junto. Dizer &#8216;conta comigo para o que precisar&#8217; n\u00e3o vai funcionar, porque a pessoa ter\u00e1 dificuldade para pedir ajuda&#8221;, aconselha.<\/p>\n<p>Por fim, preste aten\u00e7\u00e3o a sintomas de <a href=\"https:\/\/www1.folha.uol.com.br\/folha-topicos\/depressao\/\" rel=\"nofollow noopener\" target=\"\">depress\u00e3o<\/a>. A doen\u00e7a n\u00e3o aparece de um dia para o outro, vem aos poucos, e mesmo a paciente pode n\u00e3o se dar conta.<\/p>\n<p>&#8220;Perguntar \u00e9 o melhor caminho, porque abre a porta para quem n\u00e3o est\u00e1 bem poder desabafar e buscar ajuda. &#8216;Ah, teve um diagn\u00f3stico de c\u00e2ncer, \u00e9 claro que estar\u00e1 deprimida&#8217;. N\u00e3o, n\u00e3o \u00e9. Depress\u00e3o \u00e9 outra doen\u00e7a que precisa ser tratada&#8221;, finaliza Lorena Caleffi.<\/p>\n","protected":false},"excerpt":{"rendered":"&#8220;Essa menina vai custar quanto para a gente? Quanto vai sair essa brincadeira?&#8221;. A pergunta foi feita pelo&hellip;\n","protected":false},"author":2,"featured_media":125491,"comment_status":"","ping_status":"","sticky":false,"template":"","format":"standard","meta":{"footnotes":""},"categories":[86],"tags":[16871,4843,4844,1031,1776,5960,1029,1531,236,116,1208,2623,32,1494,33,117,2969],"class_list":{"0":"post-125490","1":"post","2":"type-post","3":"status-publish","4":"format-standard","5":"has-post-thumbnail","7":"category-saude","8":"tag-abandono","9":"tag-ansiedade","10":"tag-antidepressivo","11":"tag-autocuidado","12":"tag-cancer","13":"tag-cancer-de-mama","14":"tag-cuide-se","15":"tag-depressao","16":"tag-folha","17":"tag-health","18":"tag-medicina","19":"tag-mulheres","20":"tag-portugal","21":"tag-producao-todas","22":"tag-pt","23":"tag-saude","24":"tag-tristeza"},"share_on_mastodon":{"url":"https:\/\/pubeurope.com\/@pt\/115433806447413913","error":""},"_links":{"self":[{"href":"https:\/\/www.europesays.com\/pt\/wp-json\/wp\/v2\/posts\/125490","targetHints":{"allow":["GET"]}}],"collection":[{"href":"https:\/\/www.europesays.com\/pt\/wp-json\/wp\/v2\/posts"}],"about":[{"href":"https:\/\/www.europesays.com\/pt\/wp-json\/wp\/v2\/types\/post"}],"author":[{"embeddable":true,"href":"https:\/\/www.europesays.com\/pt\/wp-json\/wp\/v2\/users\/2"}],"replies":[{"embeddable":true,"href":"https:\/\/www.europesays.com\/pt\/wp-json\/wp\/v2\/comments?post=125490"}],"version-history":[{"count":0,"href":"https:\/\/www.europesays.com\/pt\/wp-json\/wp\/v2\/posts\/125490\/revisions"}],"wp:featuredmedia":[{"embeddable":true,"href":"https:\/\/www.europesays.com\/pt\/wp-json\/wp\/v2\/media\/125491"}],"wp:attachment":[{"href":"https:\/\/www.europesays.com\/pt\/wp-json\/wp\/v2\/media?parent=125490"}],"wp:term":[{"taxonomy":"category","embeddable":true,"href":"https:\/\/www.europesays.com\/pt\/wp-json\/wp\/v2\/categories?post=125490"},{"taxonomy":"post_tag","embeddable":true,"href":"https:\/\/www.europesays.com\/pt\/wp-json\/wp\/v2\/tags?post=125490"}],"curies":[{"name":"wp","href":"https:\/\/api.w.org\/{rel}","templated":true}]}}