{"id":125514,"date":"2025-10-25T08:59:16","date_gmt":"2025-10-25T08:59:16","guid":{"rendered":"https:\/\/www.europesays.com\/pt\/125514\/"},"modified":"2025-10-25T08:59:16","modified_gmt":"2025-10-25T08:59:16","slug":"rafael-bailao-conta-tudo-cancao-usada-em-parodia-sobre-vera-nao-foi-escolhida-ao-acaso","status":"publish","type":"post","link":"https:\/\/www.europesays.com\/pt\/125514\/","title":{"rendered":"Rafael Bail\u00e3o conta tudo: can\u00e7\u00e3o usada em par\u00f3dia sobre Vera n\u00e3o foi escolhida ao acaso!"},"content":{"rendered":"<p>A par\u00f3dia que <a href=\"https:\/\/selfie.iol.pt\/famosos\/casa-dos-segredos-9\/loucura-fora-de-secret-story-cantor-lanca-tema-sobre-agressao-de-vera-a-dylan-e-ja-e-viral\/20251022\/68f8aa8dd34ee0c2fed188c8\" target=\"_blank\" rel=\"nofollow noopener\">Rafael Bail\u00e3o<\/a> fez ao epis\u00f3dio de agress\u00e3o que marcou a semana na nona edi\u00e7\u00e3o de &#8220;Secret Story &#8211; Casa dos Segredos&#8221; revelou-se um verdadeiro sucesso. O v\u00eddeo j\u00e1 ultrapassou um milh\u00e3o de visualiza\u00e7\u00f5es no Instagram, mais 500 mil no TikTok.<\/p>\n<p>Numa conversa exclusiva com a SELFIE, o cantor e influenciador digital explica como nasceu a ideia de lan\u00e7ar uma vers\u00e3o alternativa\u00a0do tema &#8220;P\u00f5e a M\u00e3o Na Cabecinha&#8221;, de\u00a0Victor Rodrigues, e acaba por comentar os estalos que Vera Cl\u00e1udia desferiu em Dylan Fonte dentro do reality show da <a href=\"https:\/\/tvi.iol.pt\/\" target=\"_blank\" rel=\"nofollow noopener\">TVI<\/a>.<\/p>\n<p>Leia, agora, a entrevista concedida por Rafael Bail\u00e3o.<\/p>\n<p><strong>O que o levou a fazer este v\u00eddeo?<\/strong><br \/>Gosto de pegar em situa\u00e7\u00f5es impactantes e transform\u00e1-las em entretenimento atrav\u00e9s da par\u00f3dia. Assim que vi esta situa\u00e7\u00e3o acontecer e o seu impacto nas redes sociais, decidi come\u00e7ar a cri\u00e1-lo.<\/p>\n<p><strong>\u00c9 um espectador ass\u00edduo desta edi\u00e7\u00e3o de &#8220;<a href=\"https:\/\/tvi.iol.pt\/secretstory\/\" target=\"_blank\" rel=\"nofollow noopener\">Secret Story<\/a> &#8211; Casa dos Segredos&#8221;?<\/strong><br \/>Desde que participei num reality show [&#8220;<a href=\"https:\/\/tvi.iol.pt\/tvireality\/dilema\" target=\"_blank\" rel=\"nofollow noopener\">Dilema<\/a>&#8220;, em 2024], comecei a ver cada vez mais.<\/p>\n<p><strong>O que achou do epis\u00f3dio que desencadeou este seu v\u00eddeo?<\/strong><br \/>N\u00e3o concordo com viol\u00eancia f\u00edsica nem verbal. Penso que a Vera agiu por impulso, por ser um assunto delicado para ela. Gosto muito da Vera. Espero que, c\u00e1 fora, reflita e que leve esta li\u00e7\u00e3o para a vida: por mais que nos tentem calcar, h\u00e1 que dar a volta por cima e n\u00e3o ceder a provoca\u00e7\u00f5es. Custou-lhe 250 mil euros.<\/p>\n<p><strong>A escolha da can\u00e7\u00e3o que serviu de base para esta par\u00f3dia foi f\u00e1cil? H\u00e1 algo que o tenha levado a optar por este tema do Victor Rodrigues?<\/strong><br \/>J\u00e1 tinha feito uma par\u00f3dia com a can\u00e7\u00e3o do Victor Rodrigues, quando surgiu o caso de Jos\u00e9 Castelo Branco e Betty Grafstein. A can\u00e7\u00e3o \u00e9 muito divertida e fez parte da minha adolesc\u00eancia, atrav\u00e9s da minha av\u00f3.\u00a0<\/p>\n<p><strong>Esperava que, em t\u00e3o pouco tempo, este v\u00eddeo superasse a barreira do milh\u00e3o de visualiza\u00e7\u00f5es?<\/strong><br \/>Estes conte\u00fados t\u00eam sempre muito impacto no digital. No entanto, s\u00e3o completamente imprevis\u00edveis. O algoritmo \u00e9 que decide.<\/p>\n<p><strong>Teve alguma rea\u00e7\u00e3o especial a este v\u00eddeo? Por exemplo, sabe se a <a href=\"https:\/\/selfie.iol.pt\/famosos\/secret-story-casa-dos-segredos-9\/um-milhao-de-pessoas-ja-viu-cancao-sobre-vera-claudia-esta-nas-bocas-de-todos\/20251023\/68fa7ef3d34ee0c2fed19ad2\" target=\"_blank\" rel=\"nofollow noopener\">Vera Cl\u00e1udia<\/a> j\u00e1 o viu?<\/strong><br \/>Muitas figuras p\u00fablicas seguem o meu trabalho e gostam do meu sentido de humor. Algumas podem ver-se nos coment\u00e1rios. O meu objetivo \u00e9 entreter e fazer as pessoas desligarem-se das coisas negativas. Relativamente \u00e0 Vera, ainda n\u00e3o tive feedback,\u00a0mas acredito que seja positivo, porque aparenta ser uma mulher de garra e com fairplay.<\/p>\n<blockquote class=\"instagram-media\" data-instgrm-captioned=\"\" data-instgrm-permalink=\"https:\/\/www.instagram.com\/reel\/DQCpbMCCO6W\/?utm_source=ig_embed&amp;utm_campaign=loading\" data-instgrm-version=\"14\" style=\" background:#FFF; border:0; border-radius:3px; box-shadow:0 0 1px 0 rgba(0,0,0,0.5),0 1px 10px 0 rgba(0,0,0,0.15); margin: 1px; max-width:540px; min-width:326px; padding:0; width:99.375%; width:-webkit-calc(100% - 2px); width:calc(100% - 2px);\">\n<\/blockquote>\n<p>\u00a0<\/p>\n<p>                        <script async src=\"\/\/www.instagram.com\/embed.js\"><\/script><\/p>\n","protected":false},"excerpt":{"rendered":"A par\u00f3dia que Rafael Bail\u00e3o fez ao epis\u00f3dio de agress\u00e3o que marcou a semana na nona edi\u00e7\u00e3o de&hellip;\n","protected":false},"author":2,"featured_media":125515,"comment_status":"","ping_status":"","sticky":false,"template":"","format":"standard","meta":{"footnotes":""},"categories":[142],"tags":[1710,2632,13471,6338,4782,19105,21040,114,115,741,6309,4763,980,6983,619,32,33,17904,1014,1315,6985,16687,16686,1012,6986,16688,151,162,11841,24887],"class_list":{"0":"post-125514","1":"post","2":"type-post","3":"status-publish","4":"format-standard","5":"has-post-thumbnail","7":"category-tv","8":"tag-cantor","9":"tag-casa-dos-segredos","10":"tag-casa-dos-segredos-9","11":"tag-concorrente","12":"tag-dilema","13":"tag-dylan","14":"tag-dylan-fonte","15":"tag-entertainment","16":"tag-entretenimento","17":"tag-entrevista","18":"tag-ex-concorrente","19":"tag-exclusivo","20":"tag-famosos","21":"tag-influenciadora-digital","22":"tag-nacional","23":"tag-portugal","24":"tag-pt","25":"tag-rafael-bailao","26":"tag-reality-show","27":"tag-secret-story","28":"tag-secret-story-casa-dos-segredos","29":"tag-secret-story-casa-dos-segredos-9","30":"tag-secret-story-9","31":"tag-selfie","32":"tag-ss","33":"tag-ss9","34":"tag-tv","35":"tag-tvi","36":"tag-vera","37":"tag-vera-claudia"},"share_on_mastodon":{"url":"https:\/\/pubeurope.com\/@pt\/115433987455940941","error":""},"_links":{"self":[{"href":"https:\/\/www.europesays.com\/pt\/wp-json\/wp\/v2\/posts\/125514","targetHints":{"allow":["GET"]}}],"collection":[{"href":"https:\/\/www.europesays.com\/pt\/wp-json\/wp\/v2\/posts"}],"about":[{"href":"https:\/\/www.europesays.com\/pt\/wp-json\/wp\/v2\/types\/post"}],"author":[{"embeddable":true,"href":"https:\/\/www.europesays.com\/pt\/wp-json\/wp\/v2\/users\/2"}],"replies":[{"embeddable":true,"href":"https:\/\/www.europesays.com\/pt\/wp-json\/wp\/v2\/comments?post=125514"}],"version-history":[{"count":0,"href":"https:\/\/www.europesays.com\/pt\/wp-json\/wp\/v2\/posts\/125514\/revisions"}],"wp:featuredmedia":[{"embeddable":true,"href":"https:\/\/www.europesays.com\/pt\/wp-json\/wp\/v2\/media\/125515"}],"wp:attachment":[{"href":"https:\/\/www.europesays.com\/pt\/wp-json\/wp\/v2\/media?parent=125514"}],"wp:term":[{"taxonomy":"category","embeddable":true,"href":"https:\/\/www.europesays.com\/pt\/wp-json\/wp\/v2\/categories?post=125514"},{"taxonomy":"post_tag","embeddable":true,"href":"https:\/\/www.europesays.com\/pt\/wp-json\/wp\/v2\/tags?post=125514"}],"curies":[{"name":"wp","href":"https:\/\/api.w.org\/{rel}","templated":true}]}}