{"id":125557,"date":"2025-10-25T09:39:31","date_gmt":"2025-10-25T09:39:31","guid":{"rendered":"https:\/\/www.europesays.com\/pt\/125557\/"},"modified":"2025-10-25T09:39:31","modified_gmt":"2025-10-25T09:39:31","slug":"relogios-atrasam-uma-hora-na-madrugada-de-domingo-2","status":"publish","type":"post","link":"https:\/\/www.europesays.com\/pt\/125557\/","title":{"rendered":"Rel\u00f3gios atrasam uma hora na madrugada de domingo"},"content":{"rendered":"<p>&#13;<br \/>\nNa madrugada de domingo (26 de outubro), em Portugal continental e na Regi\u00e3o Aut\u00f3noma da Madeira, quando forem 02:00 os rel\u00f3gios devem ser atrasados 60 minutos, passando para a 01:00.&#13;\n<\/p>\n<p>&#13;<br \/>\nNa Regi\u00e3o Aut\u00f3noma dos A\u00e7ores, a mudan\u00e7a ser\u00e1 feita \u00e0 01:00 da madrugada de domingo, passando para as 00:00.&#13;\n<\/p>\n<p>&#13;<br \/>\nA hora legal voltar\u00e1 depois a mudar a 29 de mar\u00e7o 2026, para o regime de ver\u00e3o.&#13;\n<\/p>\n<p>&#13;<br \/>\nPor todos os estados-membros da Uni\u00e3o Europeia, domingo marca o primeiro dia do hor\u00e1rio de ver\u00e3o, numa altura em que Bruxelas retoma o debate antigo sobre o fim ao acerto sazonal dos rel\u00f3gios na primavera e outono.&#13;\n<\/p>\n<p>&#13;<br \/>\nDepois de o primeiro-ministro espanhol, Pedro S\u00e1nchez, ter anunciado, na segunda-feira, que Espanha ir\u00e1 propor \u00e0 Uni\u00e3o Europeia o fim definitivo da mudan\u00e7a de hora na Europa, a Comiss\u00e3o e o Parlamento europeus fizeram um apelo aos estados-membros no mesmo sentido.&#13;\n<\/p>\n<p>&#13;<br \/>\nDurante um debate sobre o tema, todos os grupos pol\u00edticos manifestaram-se a favor do fim da mudan\u00e7a da hora, sublinhando os impactos negativos na sa\u00fade, e o comiss\u00e1rio dos Transportes Sustent\u00e1veis e Turismo argumentou que a pr\u00e1tica &#8220;j\u00e1 n\u00e3o serve qualquer prop\u00f3sito&#8221;.&#13;\n<\/p>\n<p>&#13;<br \/>\n&#8220;\u00c9 um sistema que nos afeta a todos, que frustra a maioria e que prejudica at\u00e9 as pessoas&#8221;, defendeu Apostolos Tzitzikostas.&#13;\n<\/p>\n<p>&#13;<br \/>\nO atual regime de mudan\u00e7a da hora \u00e9 regulado por uma diretiva (lei comunit\u00e1ria) de 2000, que prev\u00ea que todos os anos os rel\u00f3gios sejam, respetivamente, adiantados e atrasados uma hora no \u00faltimo domingo de mar\u00e7o e no \u00faltimo domingo de outubro, marcando o in\u00edcio e o fim da hora de ver\u00e3o.&#13;\n<\/p>\n<p>&#13;<br \/>\nO debate sobre o acerto sazonal n\u00e3o \u00e9 novo. Em 2019, o Parlamento Europeu votou a favor do fim da mudan\u00e7a hor\u00e1ria at\u00e9 2021, na sequ\u00eancia de uma consulta p\u00fablica da Comiss\u00e3o Europeia, em que 84% dos 4,6 milh\u00f5es de inquiridos manifestaram-se essa posi\u00e7\u00e3o.&#13;\n<\/p>\n<p>&#13;<br \/>\nNo entanto, a medida nunca avan\u00e7ou por falta de consenso no Conselho da Uni\u00e3o Europeia, onde os ministros dos estados-membros n\u00e3o concordaram num posi\u00e7\u00e3o comum pr\u00f3pria para responder \u00e0 proposta legislativa.&#13;<\/p>\n","protected":false},"excerpt":{"rendered":"&#13; Na madrugada de domingo (26 de outubro), em Portugal continental e na Regi\u00e3o Aut\u00f3noma da Madeira, quando&hellip;\n","protected":false},"author":2,"featured_media":125558,"comment_status":"","ping_status":"","sticky":false,"template":"","format":"standard","meta":{"footnotes":""},"categories":[8],"tags":[27,28,15,16,14,25,26,21,22,12,13,19,20,32,23,24,33,420,421,17,18,29,30,31],"class_list":{"0":"post-125557","1":"post","2":"type-post","3":"status-publish","4":"format-standard","5":"has-post-thumbnail","7":"category-principais-noticias","8":"tag-breaking-news","9":"tag-breakingnews","10":"tag-featured-news","11":"tag-featurednews","12":"tag-headlines","13":"tag-latest-news","14":"tag-latestnews","15":"tag-main-news","16":"tag-mainnews","17":"tag-news","18":"tag-noticias","19":"tag-noticias-principais","20":"tag-noticiasprincipais","21":"tag-portugal","22":"tag-principais-noticias","23":"tag-principaisnoticias","24":"tag-pt","25":"tag-rtp","26":"tag-rtp-noticias","27":"tag-top-stories","28":"tag-topstories","29":"tag-ultimas","30":"tag-ultimas-noticias","31":"tag-ultimasnoticias"},"share_on_mastodon":{"url":"https:\/\/pubeurope.com\/@pt\/115434144740712296","error":""},"_links":{"self":[{"href":"https:\/\/www.europesays.com\/pt\/wp-json\/wp\/v2\/posts\/125557","targetHints":{"allow":["GET"]}}],"collection":[{"href":"https:\/\/www.europesays.com\/pt\/wp-json\/wp\/v2\/posts"}],"about":[{"href":"https:\/\/www.europesays.com\/pt\/wp-json\/wp\/v2\/types\/post"}],"author":[{"embeddable":true,"href":"https:\/\/www.europesays.com\/pt\/wp-json\/wp\/v2\/users\/2"}],"replies":[{"embeddable":true,"href":"https:\/\/www.europesays.com\/pt\/wp-json\/wp\/v2\/comments?post=125557"}],"version-history":[{"count":0,"href":"https:\/\/www.europesays.com\/pt\/wp-json\/wp\/v2\/posts\/125557\/revisions"}],"wp:featuredmedia":[{"embeddable":true,"href":"https:\/\/www.europesays.com\/pt\/wp-json\/wp\/v2\/media\/125558"}],"wp:attachment":[{"href":"https:\/\/www.europesays.com\/pt\/wp-json\/wp\/v2\/media?parent=125557"}],"wp:term":[{"taxonomy":"category","embeddable":true,"href":"https:\/\/www.europesays.com\/pt\/wp-json\/wp\/v2\/categories?post=125557"},{"taxonomy":"post_tag","embeddable":true,"href":"https:\/\/www.europesays.com\/pt\/wp-json\/wp\/v2\/tags?post=125557"}],"curies":[{"name":"wp","href":"https:\/\/api.w.org\/{rel}","templated":true}]}}