{"id":125573,"date":"2025-10-25T09:51:09","date_gmt":"2025-10-25T09:51:09","guid":{"rendered":"https:\/\/www.europesays.com\/pt\/125573\/"},"modified":"2025-10-25T09:51:09","modified_gmt":"2025-10-25T09:51:09","slug":"canada-retira-anuncio-de-televisao-que-levou-trump-a-romper-negociacoes-comerciais","status":"publish","type":"post","link":"https:\/\/www.europesays.com\/pt\/125573\/","title":{"rendered":"Canad\u00e1 retira an\u00fancio de televis\u00e3o que levou Trump a romper negocia\u00e7\u00f5es comerciais"},"content":{"rendered":"<p>Carney\u00a0j\u00e1 afirmou estar pronto para retomar as negocia\u00e7\u00f5es comerciais \u201cassim que os norte-americanos estiverem prontos\u201d, dando a entender que as discuss\u00f5es bilaterais conheciam avan\u00e7os.\u00a0<\/p>\n<p>\u201cEstamos prontos para continuar nesse caminho e aproveitar esses progressos quando os norte-americanos estiverem prontos\u201d, referiu.<\/p>\n<p>O Canad\u00e1 \u00e9 um dos principais parceiros comerciais dos Estados Unidos, mas as rela\u00e7\u00f5es entre os dois pa\u00edses esfriaram desde que Trump iniciou uma guerra comercial contra os aliados comerciais de Washington e expressou o desejo de anexar o vizinho do norte, ap\u00f3s ter regressado \u00e0 Casa Branca, em janeiro deste ano.<\/p>\n<p>Aproximadamente 85% do com\u00e9rcio transfronteiri\u00e7o permanece isento de tarifas, j\u00e1 que os Estados Unidos e o Canad\u00e1 s\u00e3o membros do Acordo de Livre Com\u00e9rcio da Am\u00e9rica do Norte.<\/p>\n<p>Mas as tarifas setoriais globais de Trump, particularmente sobre a\u00e7o, alum\u00ednio e autom\u00f3veis, atingiram duramente o Canad\u00e1, levando \u00e0 perda de empregos e colocando as empresas sob press\u00e3o.<\/p>\n<p>Em setembro passado, o Supremo Tribunal norte-americano aceitou rever rapidamente a legalidade da maior parte das tarifas impostas por Trump, uma causa que o pr\u00f3prio Presidente considera \u201cvital\u201d para manter em vigor o aumento das tarifas e levar por diante o seu programa econ\u00f3mico.<\/p>\n<p>O Supremo deve ouvir no in\u00edcio de novembro os\u00a0argumentos sobre se a administra\u00e7\u00e3o Trump pode usar poderes econ\u00f3micos de emerg\u00eancia para impor o maior aumento tarif\u00e1rio da hist\u00f3ria recente do pa\u00eds.\u00a0<\/p>\n<p>Trump repetiu esta sexta-feira as acusa\u00e7\u00f5es ao governo do Canad\u00e1, com base num an\u00fancio televisivo que chamou de fraudulento promovido com palavras do ex-presidente republicano Ronald Reagan (1981-1989) contra os impostos, algo que, segundo Trump, foi tirado do contexto.<\/p>\n<p>\u201cO Canad\u00e1 fez batota e foi descoberto. [&#8230;] O Canad\u00e1 tenta influenciar ilegalmente o Supremo Tribunal dos Estados Unidos numa das senten\u00e7as mais importantes da hist\u00f3ria do nosso pa\u00eds\u201d, escreveu Trump na sua rede Truth Social.\u00a0\u00a0<\/p>\n<p>Donald Trump referia-se \u00e0 campanha publicit\u00e1ria financiada pela prov\u00edncia canadiana de Ont\u00e1rio, no valor de cerca de 75 milh\u00f5es de d\u00f3lares (cerca de 64,5 milh\u00f5es de euros), com o objetivo de convencer os eleitores republicanos norte-americanos, de acordo com v\u00e1rios meios de comunica\u00e7\u00e3o social.\u00a0<\/p>\n<p>A Funda\u00e7\u00e3o Ronald Reagan declarou na rede social X que a campanha publicit\u00e1ria canadiana utilizou &#8220;de forma seletiva excertos de \u00e1udio e v\u00eddeo&#8221; de um discurso radiof\u00f3nico sobre o com\u00e9rcio do antigo presidente republicano, em abril de 1987.<\/p>\n<p>De acordo com a funda\u00e7\u00e3o, a publicidade distorcia as palavras de Ronald Reagan (1981-1989), acrescentando que estava &#8220;a analisar as suas op\u00e7\u00f5es jur\u00eddicas neste caso&#8221;.<\/p>\n","protected":false},"excerpt":{"rendered":"Carney\u00a0j\u00e1 afirmou estar pronto para retomar as negocia\u00e7\u00f5es comerciais \u201cassim que os norte-americanos estiverem prontos\u201d, dando a entender&hellip;\n","protected":false},"author":2,"featured_media":125574,"comment_status":"","ping_status":"","sticky":false,"template":"","format":"standard","meta":{"footnotes":""},"categories":[50],"tags":[28832,27,28,2965,92,413,15,16,14,25,26,21,22,4406,62,2967,12,13,19,20,23,24,17,18,29,30,31,63,64,65],"class_list":{"0":"post-125573","1":"post","2":"type-post","3":"status-publish","4":"format-standard","5":"has-post-thumbnail","7":"category-mundo","8":"tag-anunico","9":"tag-breaking-news","10":"tag-breakingnews","11":"tag-canada","12":"tag-donald-trump","13":"tag-eua","14":"tag-featured-news","15":"tag-featurednews","16":"tag-headlines","17":"tag-latest-news","18":"tag-latestnews","19":"tag-main-news","20":"tag-mainnews","21":"tag-mark-carney","22":"tag-mundo","23":"tag-negociacoes","24":"tag-news","25":"tag-noticias","26":"tag-noticias-principais","27":"tag-noticiasprincipais","28":"tag-principais-noticias","29":"tag-principaisnoticias","30":"tag-top-stories","31":"tag-topstories","32":"tag-ultimas","33":"tag-ultimas-noticias","34":"tag-ultimasnoticias","35":"tag-world","36":"tag-world-news","37":"tag-worldnews"},"share_on_mastodon":{"url":"https:\/\/pubeurope.com\/@pt\/115434191935770975","error":""},"_links":{"self":[{"href":"https:\/\/www.europesays.com\/pt\/wp-json\/wp\/v2\/posts\/125573","targetHints":{"allow":["GET"]}}],"collection":[{"href":"https:\/\/www.europesays.com\/pt\/wp-json\/wp\/v2\/posts"}],"about":[{"href":"https:\/\/www.europesays.com\/pt\/wp-json\/wp\/v2\/types\/post"}],"author":[{"embeddable":true,"href":"https:\/\/www.europesays.com\/pt\/wp-json\/wp\/v2\/users\/2"}],"replies":[{"embeddable":true,"href":"https:\/\/www.europesays.com\/pt\/wp-json\/wp\/v2\/comments?post=125573"}],"version-history":[{"count":0,"href":"https:\/\/www.europesays.com\/pt\/wp-json\/wp\/v2\/posts\/125573\/revisions"}],"wp:featuredmedia":[{"embeddable":true,"href":"https:\/\/www.europesays.com\/pt\/wp-json\/wp\/v2\/media\/125574"}],"wp:attachment":[{"href":"https:\/\/www.europesays.com\/pt\/wp-json\/wp\/v2\/media?parent=125573"}],"wp:term":[{"taxonomy":"category","embeddable":true,"href":"https:\/\/www.europesays.com\/pt\/wp-json\/wp\/v2\/categories?post=125573"},{"taxonomy":"post_tag","embeddable":true,"href":"https:\/\/www.europesays.com\/pt\/wp-json\/wp\/v2\/tags?post=125573"}],"curies":[{"name":"wp","href":"https:\/\/api.w.org\/{rel}","templated":true}]}}