{"id":125591,"date":"2025-10-25T10:08:05","date_gmt":"2025-10-25T10:08:05","guid":{"rendered":"https:\/\/www.europesays.com\/pt\/125591\/"},"modified":"2025-10-25T10:08:05","modified_gmt":"2025-10-25T10:08:05","slug":"iefp-esta-a-oferecer-trabalho-a-jovens-sem-subsidio-de-desemprego","status":"publish","type":"post","link":"https:\/\/www.europesays.com\/pt\/125591\/","title":{"rendered":"IEFP est\u00e1 a oferecer trabalho a jovens sem subs\u00eddio de desemprego"},"content":{"rendered":"<p data-remotead-prev-elm=\"true\" data-remotead-elm-id=\"inread\">&#8220;O Instituto de Emprego est\u00e1 a seguir uma campanha interna de contacto e oferta de emprego a todos os jovens inscritos no instituto de emprego sem subs\u00eddio [de desemprego]&#8221;, afirmou o secret\u00e1rio de Estado Adjunto e do Trabalho, Adriano Rafael Moreira, que esteve hoje, a par da restante equipa ministerial, a ser ouvido na Assembleia da Rep\u00fablica, no \u00e2mbito da proposta de Or\u00e7amento do Estado para 2026 (OE2026).<\/p>\n<p>Adriano Rafael Moreira lembrou que esta \u00e9, a par do novo incentivo de regresso ao trabalho, uma das medidas do Governo para &#8220;combater o desemprego jovem&#8221;.<\/p>\n<p>No que respeita ao incentivo, em causa est\u00e1 &#8220;uma medida excecional de incentivo ao regresso ao trabalho&#8221;, destinada a jovens desempregados com idade inferior a 30 anos, que estejam inscritos no Instituto do Emprego e Forma\u00e7\u00e3o Profissional (IEFP) e que recebam subs\u00eddio de desemprego, segundo a portaria publicada em Di\u00e1rio da Rep\u00fablica.<\/p>\n<p data-remotead-prev-elm=\"true\" data-remotead-elm-id=\"centro1\">Segundo o secret\u00e1rio de Estado, esta medida vem &#8220;tamb\u00e9m demonstrar \u00e0 sociedade&#8221; que, apesar de o pa\u00eds estar em pleno emprego, &#8220;h\u00e1 em Portugal oportunidades de trabalho que deixam de justificar a sa\u00edda do pa\u00eds&#8221;. &#8220;\u00c9 preciso reter os nossos jovens em Portugal&#8221;, defendeu, acrescentando que \u00e9 tamb\u00e9m &#8220;preciso incentivar que outros regressem&#8221;.<\/p>\n<p>De acordo com os c\u00e1lculos do IEFP, o novo incentivo representa para os cofres do Estado uma poupan\u00e7a de 13 milh\u00f5es de euros&#8221;, indicou fonte oficial do Minist\u00e9rio do Trabalho, Solidariedade e Seguran\u00e7a Social, em resposta \u00e0 Lusa.<\/p>\n<p>O instituto estima ainda abranger oito mil benefici\u00e1rios com a medida.<\/p>\n<p data-remotead-prev-elm=\"true\" data-remotead-elm-id=\"centro2\">O mercado laboral em Portugal tem estado em n\u00edveis perto do pleno emprego, com a taxa de desemprego a recuar para 6,1% em agosto, face ao m\u00eas hom\u00f3logo de 2024, segundo os \u00faltimos dados divulgados pelo INE.<\/p>\n<p>Contudo, o desemprego jovem, apesar de ter vindo a recuar nos \u00faltimos meses, tem estado em n\u00edveis elevados. A taxa de desemprego de jovens registou em junho e em agosto de 2025 o valor mais baixo &#8211; 18,9% &#8211; desde junho de 2023 (18,5%).<\/p>\n<p>A proposta de OE2026 vai ser discutida e votada na generalidade entre 27 e 28 de outubro. A vota\u00e7\u00e3o final global est\u00e1 marcada para 27 de novembro, ap\u00f3s o processo de debate na especialidade.<\/p>\n","protected":false},"excerpt":{"rendered":"&#8220;O Instituto de Emprego est\u00e1 a seguir uma campanha interna de contacto e oferta de emprego a todos&hellip;\n","protected":false},"author":2,"featured_media":125592,"comment_status":"","ping_status":"","sticky":false,"template":"","format":"standard","meta":{"footnotes":""},"categories":[83],"tags":[88,89,618,90,20505,619,32,33],"class_list":{"0":"post-125591","1":"post","2":"type-post","3":"status-publish","4":"format-standard","5":"has-post-thumbnail","7":"category-empresas","8":"tag-business","9":"tag-economy","10":"tag-emprego","11":"tag-empresas","12":"tag-iefp","13":"tag-nacional","14":"tag-portugal","15":"tag-pt"},"share_on_mastodon":{"url":"https:\/\/pubeurope.com\/@pt\/115434258719321823","error":""},"_links":{"self":[{"href":"https:\/\/www.europesays.com\/pt\/wp-json\/wp\/v2\/posts\/125591","targetHints":{"allow":["GET"]}}],"collection":[{"href":"https:\/\/www.europesays.com\/pt\/wp-json\/wp\/v2\/posts"}],"about":[{"href":"https:\/\/www.europesays.com\/pt\/wp-json\/wp\/v2\/types\/post"}],"author":[{"embeddable":true,"href":"https:\/\/www.europesays.com\/pt\/wp-json\/wp\/v2\/users\/2"}],"replies":[{"embeddable":true,"href":"https:\/\/www.europesays.com\/pt\/wp-json\/wp\/v2\/comments?post=125591"}],"version-history":[{"count":0,"href":"https:\/\/www.europesays.com\/pt\/wp-json\/wp\/v2\/posts\/125591\/revisions"}],"wp:featuredmedia":[{"embeddable":true,"href":"https:\/\/www.europesays.com\/pt\/wp-json\/wp\/v2\/media\/125592"}],"wp:attachment":[{"href":"https:\/\/www.europesays.com\/pt\/wp-json\/wp\/v2\/media?parent=125591"}],"wp:term":[{"taxonomy":"category","embeddable":true,"href":"https:\/\/www.europesays.com\/pt\/wp-json\/wp\/v2\/categories?post=125591"},{"taxonomy":"post_tag","embeddable":true,"href":"https:\/\/www.europesays.com\/pt\/wp-json\/wp\/v2\/tags?post=125591"}],"curies":[{"name":"wp","href":"https:\/\/api.w.org\/{rel}","templated":true}]}}