{"id":125642,"date":"2025-10-25T11:00:51","date_gmt":"2025-10-25T11:00:51","guid":{"rendered":"https:\/\/www.europesays.com\/pt\/125642\/"},"modified":"2025-10-25T11:00:51","modified_gmt":"2025-10-25T11:00:51","slug":"apos-atriz-assumir-rejuvenescimento-vaginal-cristina-ferreira-defende-fernanda-serrano","status":"publish","type":"post","link":"https:\/\/www.europesays.com\/pt\/125642\/","title":{"rendered":"Ap\u00f3s atriz assumir rejuvenescimento vaginal, Cristina Ferreira defende Fernanda Serrano"},"content":{"rendered":"<p>Convidada do programa &#8220;Dois \u00e0s 10&#8221;, a atriz <a href=\"https:\/\/selfie.iol.pt\/famosos\/fernanda-serrano\/fernanda-serrano-faz-tratamento-de-rejuvenescimento-vaginal\/20251023\/68fa49a3d34e58bc67973beb\" target=\"_blank\" rel=\"nofollow noopener\">Fernanda Serrano<\/a><a href=\"https:\/\/selfie.iol.pt\/famosos\/fernanda-serrano\/fernanda-serrano-faz-tratamento-de-rejuvenescimento-vaginal\/20251023\/68fa49a3d34e58bc67973beb\" target=\"_blank\" rel=\"nofollow noopener\"> falou sobre a import\u00e2ncia de desmistificar alguns aspetos relacionados com a sa\u00fade feminina<\/a>.<\/p>\n<p>A atriz de 51 anos assumiu que realizou um tratamento de rejuvenescimento vaginal, depois de ter sentido alguns sintomas provocados pela menopausa. Ao lado da atriz, M\u00f3nica Gomes Ferreira, m\u00e9dica especialista em Ginecologia e Obstetr\u00edcia, explicou: &#8220;Existem tratamentos para estas situa\u00e7\u00f5es como \u00e9 o caso da Fernanda, [tratamentos] minimamente invasivos que v\u00e3o regenerar toda a zona.&#8221;<\/p>\n<p>&#8220;Foi o que eu fiz!&#8221;, assumiu Fernanda Serrano, ap\u00f3s a m\u00e9dica explicar o modo de atua\u00e7\u00e3o e aplica\u00e7\u00e3o de alguns dos tratamentos para a sa\u00fade \u00edntima feminina.<\/p>\n<p>Nas redes sociais, Fernanda Serrano acabou por ser alvo de algumas cr\u00edticas, o que deixou Cristina Ferreira indignada. No Instagram, a apresentadora do matutino da TVI reagiu e fez quest\u00e3o de deixar um alerta: &#8220;A quantidade de coment\u00e1rios assustadores a esta publica\u00e7\u00e3o mostra a urgente necessidade de educa\u00e7\u00e3o sobre o corpo feminino e as mudan\u00e7as associadas ao per\u00edodo da menopausa. A conversa foi feita ao lado de uma m\u00e9dica que explicou os benef\u00edcios dos tratamentos que eliminam incontin\u00eancia urin\u00e1ria, atrofia e secura vaginal. N\u00e3o h\u00e1 nada pior que a ignor\u00e2ncia. E imp\u00f4r vergonha num assunto t\u00e3o necess\u00e1rio.&#8221;<\/p>\n<p>Veja, agora, o v\u00eddeo com as declara\u00e7\u00f5es de <a href=\"https:\/\/selfie.iol.pt\/famosos\/robert-redford\/fernanda-serrano-chora-morte-de-ator-perfeito-eras-brilhante\/20250917\/68ca8154d34e58bc6795d3c5\" target=\"_blank\" rel=\"nofollow noopener\">Fernanda Serrano<\/a>.<\/p>\n<p style=\"text-align:center\"><img loading=\"lazy\" decoding=\"async\" alt=\"\" height=\"884\" src=\"https:\/\/www.europesays.com\/pt\/wp-content\/uploads\/2025\/10\/68fb556ed34e58bc679742f5.webp\" width=\"500\"\/><\/p>\n<p>\u00a0<\/p>\n","protected":false},"excerpt":{"rendered":"Convidada do programa &#8220;Dois \u00e0s 10&#8221;, a atriz Fernanda Serrano falou sobre a import\u00e2ncia de desmistificar alguns aspetos&hellip;\n","protected":false},"author":2,"featured_media":125643,"comment_status":"","ping_status":"","sticky":false,"template":"","format":"standard","meta":{"footnotes":""},"categories":[145],"tags":[211,210,166,801,114,115,980,1408,1015,619,32,33,28734,1012],"class_list":{"0":"post-125642","1":"post","2":"type-post","3":"status-publish","4":"format-standard","5":"has-post-thumbnail","7":"category-celebridades","8":"tag-celebridades","9":"tag-celebrities","10":"tag-cristina-ferreira","11":"tag-dois-as-10","12":"tag-entertainment","13":"tag-entretenimento","14":"tag-famosos","15":"tag-fernanda-serrano","16":"tag-instagram","17":"tag-nacional","18":"tag-portugal","19":"tag-pt","20":"tag-rejuvenescimento-vaginal","21":"tag-selfie"},"share_on_mastodon":{"url":"https:\/\/pubeurope.com\/@pt\/115434467227441914","error":""},"_links":{"self":[{"href":"https:\/\/www.europesays.com\/pt\/wp-json\/wp\/v2\/posts\/125642","targetHints":{"allow":["GET"]}}],"collection":[{"href":"https:\/\/www.europesays.com\/pt\/wp-json\/wp\/v2\/posts"}],"about":[{"href":"https:\/\/www.europesays.com\/pt\/wp-json\/wp\/v2\/types\/post"}],"author":[{"embeddable":true,"href":"https:\/\/www.europesays.com\/pt\/wp-json\/wp\/v2\/users\/2"}],"replies":[{"embeddable":true,"href":"https:\/\/www.europesays.com\/pt\/wp-json\/wp\/v2\/comments?post=125642"}],"version-history":[{"count":0,"href":"https:\/\/www.europesays.com\/pt\/wp-json\/wp\/v2\/posts\/125642\/revisions"}],"wp:featuredmedia":[{"embeddable":true,"href":"https:\/\/www.europesays.com\/pt\/wp-json\/wp\/v2\/media\/125643"}],"wp:attachment":[{"href":"https:\/\/www.europesays.com\/pt\/wp-json\/wp\/v2\/media?parent=125642"}],"wp:term":[{"taxonomy":"category","embeddable":true,"href":"https:\/\/www.europesays.com\/pt\/wp-json\/wp\/v2\/categories?post=125642"},{"taxonomy":"post_tag","embeddable":true,"href":"https:\/\/www.europesays.com\/pt\/wp-json\/wp\/v2\/tags?post=125642"}],"curies":[{"name":"wp","href":"https:\/\/api.w.org\/{rel}","templated":true}]}}