{"id":125654,"date":"2025-10-25T11:17:08","date_gmt":"2025-10-25T11:17:08","guid":{"rendered":"https:\/\/www.europesays.com\/pt\/125654\/"},"modified":"2025-10-25T11:17:08","modified_gmt":"2025-10-25T11:17:08","slug":"cdu-fica-a-um-voto-do-chega-tc-decide-recontagem-numa-freguesia-camara-de-lisboa","status":"publish","type":"post","link":"https:\/\/www.europesays.com\/pt\/125654\/","title":{"rendered":"CDU fica a um voto do Chega. TC decide recontagem numa freguesia | C\u00e2mara de Lisboa"},"content":{"rendered":"<p>A coliga\u00e7\u00e3o encabe\u00e7ada por Jo\u00e3o Ferreira ficou apenas um voto atr\u00e1s do Chega, depois de o Tribunal Constitucional (TC) ter avaliado o recurso da CDU \u00e0 vota\u00e7\u00e3o para a C\u00e2mara de Lisboa. Mais ainda, o TC aceitou o pedido da CDU de fazer a recontagem dos votos da sec\u00e7\u00e3o de voto n.\u00ba 28 da assembleia de voto da freguesia de S\u00e3o Domingos de Benfica, avan\u00e7ou o <a href=\"https:\/\/observador.pt\/2025\/10\/24\/decisao-do-tc-deixa-cdu-a-apenas-um-voto-do-chega-e-ordena-recontagem-de-uma-seccao-de-voto\/\" target=\"_blank\" rel=\"nofollow noopener\">Observador<\/a>.<\/p>\n<p>O <a href=\"https:\/\/www.tribunalconstitucional.pt\/tc\/acordaos\/20250998.html\" target=\"_blank\" rel=\"nofollow noopener\">ac\u00f3rd\u00e3o<\/a> admite que um dos votos considerados nulo na sec\u00e7\u00e3o n\u00famero 4 da freguesia de Santa Maria Maior foi, afinal, v\u00e1lido e atribu\u00eddo \u00e0 CDU \u2014 que pedia que fossem validados cinco votos nulos em seu benef\u00edcio.<\/p>\n<p>        &#13;<br \/>\n            &#13;<br \/>\n            &#13;<br \/>\n                Voto considerado nulo e agora atribu\u00eddo \u00e0 CDU&#13;<br \/>\n            &#13;<br \/>\n&#13;<\/p>\n<p>O TC acedeu tamb\u00e9m ao pedido de invalida\u00e7\u00e3o de um voto da sec\u00e7\u00e3o n\u00famero 12 da freguesia de Santa Clara, atribu\u00eddo ao Chega. A dist\u00e2ncia entre ambos passa a ser, assim, de apenas um voto: o Chega contabiliza 26754 e a CDU 26753, mantendo de p\u00e9 a possibilidade de reeleger Ana Jara, que, com os resultados actuais, perde o lugar para Ana Sim\u00f5es Silva, segunda vereadora do Chega.<\/p>\n<p>                &#13;<br \/>\n                    &#13;<br \/>\n                    &#13;<br \/>\n                        Voto anulado ao Chega&#13;<br \/>\n                    &#13;<\/p>\n<p>Os ju\u00edzes do Pal\u00e1cio Ratton aceitaram ainda a recontagem em S\u00e3o Domingos de Benfica, depois de a<a href=\"https:\/\/www.publico.pt\/2025\/10\/20\/politica\/noticia\/cdu-recorre-tribunal-constitucional-causa-contagem-votos-lisboa-2151460\" rel=\"nofollow noopener\" target=\"_blank\"> CDU ter reclamado<\/a> de uma diverg\u00eancia dos votos na coliga\u00e7\u00e3o comunista em acta (43) e os registados no edital e sistema inform\u00e1tico (33). \u201cTal recontagem deveria ter sido determinada pela Assembleia de Apuramento Geral (&#8230;) N\u00e3o o tendo sido, h\u00e1 agora que o ordenar\u201d, l\u00ea-se no ac\u00f3rd\u00e3o.<\/p>\n<p>Foi recusado o \u201ccontra-recurso\u201d apresentado pelo Chega em rela\u00e7\u00e3o ao recurso inicial da CDU.<\/p>\n","protected":false},"excerpt":{"rendered":"A coliga\u00e7\u00e3o encabe\u00e7ada por Jo\u00e3o Ferreira ficou apenas um voto atr\u00e1s do Chega, depois de o Tribunal Constitucional&hellip;\n","protected":false},"author":2,"featured_media":125655,"comment_status":"","ping_status":"","sticky":false,"template":"","format":"standard","meta":{"footnotes":""},"categories":[10],"tags":[27,28,6827,4861,1736,2258,15,16,14,25,26,797,21,22,12,13,19,20,52,32,23,24,33,17,18,29,30,31],"class_list":{"0":"post-125654","1":"post","2":"type-post","3":"status-publish","4":"format-standard","5":"has-post-thumbnail","7":"category-portugal","8":"tag-breaking-news","9":"tag-breakingnews","10":"tag-camara-de-lisboa","11":"tag-cdu","12":"tag-chega","13":"tag-eleicoes","14":"tag-featured-news","15":"tag-featurednews","16":"tag-headlines","17":"tag-latest-news","18":"tag-latestnews","19":"tag-lisboa","20":"tag-main-news","21":"tag-mainnews","22":"tag-news","23":"tag-noticias","24":"tag-noticias-principais","25":"tag-noticiasprincipais","26":"tag-politica","27":"tag-portugal","28":"tag-principais-noticias","29":"tag-principaisnoticias","30":"tag-pt","31":"tag-top-stories","32":"tag-topstories","33":"tag-ultimas","34":"tag-ultimas-noticias","35":"tag-ultimasnoticias"},"share_on_mastodon":{"url":"https:\/\/pubeurope.com\/@pt\/115434529967694698","error":""},"_links":{"self":[{"href":"https:\/\/www.europesays.com\/pt\/wp-json\/wp\/v2\/posts\/125654","targetHints":{"allow":["GET"]}}],"collection":[{"href":"https:\/\/www.europesays.com\/pt\/wp-json\/wp\/v2\/posts"}],"about":[{"href":"https:\/\/www.europesays.com\/pt\/wp-json\/wp\/v2\/types\/post"}],"author":[{"embeddable":true,"href":"https:\/\/www.europesays.com\/pt\/wp-json\/wp\/v2\/users\/2"}],"replies":[{"embeddable":true,"href":"https:\/\/www.europesays.com\/pt\/wp-json\/wp\/v2\/comments?post=125654"}],"version-history":[{"count":0,"href":"https:\/\/www.europesays.com\/pt\/wp-json\/wp\/v2\/posts\/125654\/revisions"}],"wp:featuredmedia":[{"embeddable":true,"href":"https:\/\/www.europesays.com\/pt\/wp-json\/wp\/v2\/media\/125655"}],"wp:attachment":[{"href":"https:\/\/www.europesays.com\/pt\/wp-json\/wp\/v2\/media?parent=125654"}],"wp:term":[{"taxonomy":"category","embeddable":true,"href":"https:\/\/www.europesays.com\/pt\/wp-json\/wp\/v2\/categories?post=125654"},{"taxonomy":"post_tag","embeddable":true,"href":"https:\/\/www.europesays.com\/pt\/wp-json\/wp\/v2\/tags?post=125654"}],"curies":[{"name":"wp","href":"https:\/\/api.w.org\/{rel}","templated":true}]}}