{"id":125658,"date":"2025-10-25T11:20:08","date_gmt":"2025-10-25T11:20:08","guid":{"rendered":"https:\/\/www.europesays.com\/pt\/125658\/"},"modified":"2025-10-25T11:20:08","modified_gmt":"2025-10-25T11:20:08","slug":"quiz-da-semana-o-assalto-ao-louvre-e-a-mudanca-da-hora-sic-noticias","status":"publish","type":"post","link":"https:\/\/www.europesays.com\/pt\/125658\/","title":{"rendered":"Quiz da Semana: o assalto ao Louvre e a mudan\u00e7a da hora &#8211; SIC Not\u00edcias"},"content":{"rendered":"<ol>\n<li><a href=\"https:\/\/news.google.com\/rss\/articles\/CBMiwwFBVV95cUxQaWtpTHdrbjNYS0Z2cUFUQXVzV1YwdjVjQW10bGVRSnBacVFTME1XR3V2YmFPeThKdTlVWkR4R0gxRU9zZy1SVkU2YjFxekQyek1zU0RxYld0VFpoT0hlTlpTYVk2bnA0azZHS2FLZkFuVDhHeldlNUR2cDhrWkhVR21YRlUyNGFtM0hEams5Qm9wZGttM1poX1plQmdXeEw5QWE5akxXQlhnSnJXZnBBMERyU3JNbEMzWFByN1RMODNidTA?oc=5\" target=\"_blank\" rel=\"nofollow noopener\">Quiz da Semana: o assalto ao Louvre e a mudan\u00e7a da hora<\/a>&nbsp;&nbsp;SIC Not\u00edcias<\/li>\n<li><a href=\"https:\/\/news.google.com\/rss\/articles\/CBMiYkFVX3lxTE5JaGJIT2l1TnlyTk80RVR2eXRDSHZ3TW5WbnBqUTl6bzlZcXNXUERRRjFJN3pUR0dWU0ZadWJ0eW8xeUVubWdzVmM3TE9INV91VDhwX2FPVTFLVE9CTHptSGt3?oc=5\" target=\"_blank\" rel=\"nofollow noopener\">Empresa alem\u00e3 que fabrica escada elevat\u00f3ria usada no roubo ao Louvre faz propaganda: &#8216;Movimento r\u00e1pido e silencioso&#8217;<\/a>&nbsp;&nbsp;BBC<\/li>\n<li><a href=\"https:\/\/news.google.com\/rss\/articles\/CBMi3AFBVV95cUxPb2Zia0RVRFozbTV5VmU0MWRNdjdDRE9XUHRLR0FrZjI1MjNsNE5wOVV6QjRULUR3SGJkdEJjVUVOLXRIajVQWTJ1Y2NXZXg4ZlN1eEJpZWNMcGVyMEZkeFp2R044Z2ZBMTFxX04xbEJ0S3FFcDFQUUZYd1F6ZUFsT25DZ2dtd1o1eExSTlNYdFZiWGJYRFRNUDVQaXN1WHFaMXl1Y1F2RGpXczFyeVVaeV84WmI3cmlfS1Btc2p4d1VKa3NwYXEzOWlNanZHNUtVZGRIN01tRzZZQm5a?oc=5\" target=\"_blank\" rel=\"nofollow noopener\">Tesouro em risco: por que as joias roubadas do Louvre n\u00e3o tinham seguro?<\/a>&nbsp;&nbsp;UOL Not\u00edcias<\/li>\n<li><a href=\"https:\/\/news.google.com\/rss\/articles\/CBMiuAFBVV95cUxQTlpaUGdLWnRkOGRlRFZkMWFBU3JJWHBGSkRJQ3ZNcEE2TkxJSkxQZHZZc2ZPNkwwYmZVNnZzOE91MklXTFJZWHhmaFUwa0dpZUNZTXMyclJhN1FsT2ozYnM0ZWJMWlUta2xTX3JzQXhJQnRUWlp0TWhVX3Zqb3ZrT1F3ODZYMW95SEZIWWNPRlp3WDdEUFJtdV9WeTExS0dvMjRPWDFJTmRDTGE3RWl6WTd6ZjVpMWpx?oc=5\" target=\"_blank\" rel=\"nofollow noopener\">O diamante &#8220;amaldi\u00e7oado&#8221; que foi deixado de lado no assalto ao Louvre<\/a>&nbsp;&nbsp;Metr\u00f3poles<\/li>\n<li><a href=\"https:\/\/news.google.com\/rss\/articles\/CBMi6gFBVV95cUxNWmd1QnF4a3p5Q2hLcW1CcTlmQjVmbTNmNktneHNKeGhuLVdnS29zMlJaOGdZdWIwbDBsZGxGYXM3UGZ0SFhaeVFYdlFfeHFxYkRTeUZBQXhZMXg4VUh3MFIxR3BsNTRPSmJVOTZDVFBhTkp5VnA5eF9Sclo5dmxka0R0RjdQWG5TLWV0dnlGM1Uxb2JFYXZRZFZVcUdzLWlQZHE0SHhvT1NTelcxUW15bThKUUt6djBVQXk2WnJZLTQwMkVGd0xKUW9Lamtqa0xpeUJLRkpHb3E5MDRWYkttWUdxWDR6blRPcEHSAfgBQVVfeXFMTjNyNm41bG1MZVoxQzhGRUFWZnhZeXViclFoV2lwazAtdmNUeWZmQ0N6aV9VbVhFaUFyRUlqc3JXbU5MNmVIQjRLVkU0Z0o4VnZhYVQtUGl5bTJWVmU1Z1h1M1FYaWdLeFYzRUVUSGZHNlplYzlLZ1E5azg4d0Z3Z3d4T21fYkJvbDFXWGxERmtBN0M2RWZpelBTRFFDWDU1RWZiSTYybG9rWnVHRUowS0cwX250ZFFEdHU5eDJoc0NMdzl5RWJ5TTBFTkdTYWVzOC15Rmp5N0tUU2hFeEMzblFwQ205VEdyRFR3djhYZnB0eXdtSlppdEw?oc=5\" target=\"_blank\" rel=\"nofollow noopener\">\u00c9 #FAKE que v\u00eddeo mostre c\u00e2meras de seguran\u00e7a de roubo de joias no Louvre; cena foi criada com IA<\/a>&nbsp;&nbsp;G1<\/li>\n<\/ol>\n","protected":false},"excerpt":{"rendered":"Quiz da Semana: o assalto ao Louvre e a mudan\u00e7a da hora&nbsp;&nbsp;SIC Not\u00edcias Empresa alem\u00e3 que fabrica escada&hellip;\n","protected":false},"author":2,"featured_media":125659,"comment_status":"","ping_status":"","sticky":false,"template":"","format":"standard","meta":{"footnotes":""},"categories":[144],"tags":[207,205,206,203,201,202,204,114,115,32,33],"class_list":{"0":"post-125658","1":"post","2":"type-post","3":"status-publish","4":"format-standard","5":"has-post-thumbnail","7":"category-arte-e-design","8":"tag-arte","9":"tag-arte-e-design","10":"tag-artedesign","11":"tag-arts","12":"tag-arts-and-design","13":"tag-artsanddesign","14":"tag-design","15":"tag-entertainment","16":"tag-entretenimento","17":"tag-portugal","18":"tag-pt"},"share_on_mastodon":{"url":"https:\/\/pubeurope.com\/@pt\/115434541752169017","error":""},"_links":{"self":[{"href":"https:\/\/www.europesays.com\/pt\/wp-json\/wp\/v2\/posts\/125658","targetHints":{"allow":["GET"]}}],"collection":[{"href":"https:\/\/www.europesays.com\/pt\/wp-json\/wp\/v2\/posts"}],"about":[{"href":"https:\/\/www.europesays.com\/pt\/wp-json\/wp\/v2\/types\/post"}],"author":[{"embeddable":true,"href":"https:\/\/www.europesays.com\/pt\/wp-json\/wp\/v2\/users\/2"}],"replies":[{"embeddable":true,"href":"https:\/\/www.europesays.com\/pt\/wp-json\/wp\/v2\/comments?post=125658"}],"version-history":[{"count":0,"href":"https:\/\/www.europesays.com\/pt\/wp-json\/wp\/v2\/posts\/125658\/revisions"}],"wp:featuredmedia":[{"embeddable":true,"href":"https:\/\/www.europesays.com\/pt\/wp-json\/wp\/v2\/media\/125659"}],"wp:attachment":[{"href":"https:\/\/www.europesays.com\/pt\/wp-json\/wp\/v2\/media?parent=125658"}],"wp:term":[{"taxonomy":"category","embeddable":true,"href":"https:\/\/www.europesays.com\/pt\/wp-json\/wp\/v2\/categories?post=125658"},{"taxonomy":"post_tag","embeddable":true,"href":"https:\/\/www.europesays.com\/pt\/wp-json\/wp\/v2\/tags?post=125658"}],"curies":[{"name":"wp","href":"https:\/\/api.w.org\/{rel}","templated":true}]}}