{"id":125662,"date":"2025-10-25T11:31:12","date_gmt":"2025-10-25T11:31:12","guid":{"rendered":"https:\/\/www.europesays.com\/pt\/125662\/"},"modified":"2025-10-25T11:31:12","modified_gmt":"2025-10-25T11:31:12","slug":"queratose-actinica-saiba-os-sinais-riscos-e-prevencao-do-cancer-de-pele-ser-saude","status":"publish","type":"post","link":"https:\/\/www.europesays.com\/pt\/125662\/","title":{"rendered":"Queratose act\u00ednica: saiba os sinais, riscos e preven\u00e7\u00e3o do c\u00e2ncer de pele &#8211; Ser Sa\u00fade"},"content":{"rendered":"<p>Para aqueles que vivem em lugares com muita exposi\u00e7\u00e3o ao sol, \u00e9 preciso ter alguns cuidados di\u00e1rios com a pele. Um dos principais riscos da exposi\u00e7\u00e3o excessiva \u00e9 o <strong>diagn\u00f3stico de queratose act\u00ednica, um tipo de les\u00e3o pr\u00e9-cancer\u00edgena<\/strong>. Em entrevista ao Di\u00e1rio do Nordeste, a m\u00e9dica Juliana Pinheiro* detalhou os sintomas, os riscos e a preven\u00e7\u00e3o do c\u00e2ncer de pele.<\/p>\n<p>Segundo a especialista,\u00a0a exposi\u00e7\u00e3o cr\u00f4nica \u00e0 radia\u00e7\u00e3o ultravioleta (UV)\u00a0sem prote\u00e7\u00e3o \u00e9 considerado o principal fator de risco para a doen\u00e7a. Apesar da queratose act\u00ednica ainda n\u00e3o ser o c\u00e2ncer de pele, seu aparecimento j\u00e1 liga um alerta para novos cuidados com o corpo.\u00a0<\/p>\n<p>\t\t\t\tVeja tamb\u00e9m<\/p>\n<p><strong>O que \u00e9 queratose act\u00ednica?<\/strong><\/p>\n<p>A queratose act\u00ednica, tamb\u00e9m conhecida como ceratose solar, \u00e9 um tipo de les\u00e3o de pele pr\u00e9-cancer\u00edgena. Conforme Juliana, ela<strong> pode evoluir para um tipo de c\u00e2ncer de pele, o carcinoma espinocelular<\/strong>.<\/p>\n<p>\n\t\t<img decoding=\"async\" alt=\"Imagem de um homem com c\u00e2ncer de pele na testa para mat\u00e9ria sobre queratose act\u00ednica: saiba os sinais, riscos e preven\u00e7\u00e3o do c\u00e2ncer de pele.\" src=\"https:\/\/www.europesays.com\/pt\/wp-content\/uploads\/2025\/10\/Cancer-de-pele-1.jpg\" loading=\"lazy\" width=\"4088\" height=\"2725\"\/><\/p>\n<p>\n\t\t\t\tLegenda:<br \/>\n\t\t\t\t A exposi\u00e7\u00e3o cr\u00f4nica \u00e0 radia\u00e7\u00e3o UV sem prote\u00e7\u00e3o \u00e9 considerado um dos principais fatores de c\u00e2ncer de pele.\n\t\t\t<\/p>\n<p>\n\t\t\t\tFoto:<br \/>\n\t\t\t\t Shutterstock\/Henk Vrieselaar.\n\t\t\t<\/p>\n<\/p>\n<p><strong>Quais s\u00e3o os tipos de queratose?<\/strong><\/p>\n<p>O termo &#8220;queratose&#8221; se refere \u00e0s altera\u00e7\u00f5es na camada mais superficial da pele. Dentre os diferentes tipos, existem:<\/p>\n<p>&#13;<br \/>\n\t&#13;<br \/>\n\t&#13;<br \/>\n\t&#13;<\/p>\n<tr>&#13;<\/p>\n<td><strong>Queratose act\u00ednica<\/strong><\/td>\n<p>&#13;<\/p>\n<td>Relacionada \u00e0 exposi\u00e7\u00e3o solar cr\u00f4nica; tem risco de maligniza\u00e7\u00e3o<\/td>\n<p>&#13;<br \/>\n\t\t<\/tr>\n<p>&#13;<\/p>\n<tr>&#13;<\/p>\n<td><strong>Queratose seborr\u00e9ica<\/strong><\/td>\n<p>&#13;<\/p>\n<td>Les\u00e3o benigna, de causa n\u00e3o totalmente definida, mas com predisposi\u00e7\u00e3o gen\u00e9tica; n\u00e3o tem rela\u00e7\u00e3o com c\u00e2ncer<\/td>\n<p>&#13;<br \/>\n\t\t<\/tr>\n<p>&#13;<\/p>\n<tr>&#13;<\/p>\n<td><strong>Queratose pilar<\/strong><\/td>\n<p>&#13;<\/p>\n<td>Causada pelo ac\u00famulo de queratina nos fol\u00edculos pilosos, deixando a pele \u00e1spera<\/td>\n<p>&#13;<br \/>\n\t\t<\/tr>\n<p>&#13;<br \/>\n\t&#13;<\/p>\n<p>Ao Di\u00e1rio do Nordeste, Juliana explicou que <strong>a queratose pilar \u00e9 mais comum em bra\u00e7os e coxas<\/strong>, surgindo principalmente em pacientes com hist\u00f3rico de atopia, uma forma de predisposi\u00e7\u00e3o gen\u00e9tica para desenvolver condi\u00e7\u00f5es al\u00e9rgicas.\u00a0<\/p>\n<p>\n\t\t<img decoding=\"async\" alt=\"Imagem de uma pele com queratose pilar para mat\u00e9ria sobre queratose act\u00ednica: saiba os sinais, riscos e preven\u00e7\u00e3o do c\u00e2ncer de pele.\" src=\"https:\/\/www.europesays.com\/pt\/wp-content\/uploads\/2025\/10\/Cancer-de-pele-4.jpg\" loading=\"lazy\" width=\"3543\" height=\"2362\"\/><\/p>\n<p>\n\t\t\t\tLegenda:<br \/>\n\t\t\t\t A queratose pilar \u00e9 conhecida por causar ac\u00famulo de queratina nos fol\u00edculos pilosos, deixando a pele \u00e1spera.\n\t\t\t<\/p>\n<p>\n\t\t\t\tFoto:<br \/>\n\t\t\t\t Shutterstock\/Sruilk.\n\t\t\t<\/p>\n<\/p>\n<p><strong>Quais s\u00e3o os sintomas e sinais dessa les\u00e3o pr\u00e9-maligna?<\/strong><\/p>\n<p>Na maioria dos casos, essas les\u00f5es s\u00e3o assintom\u00e1ticas, mas alguns pacientes podem apresentar:\u00a0<\/p>\n<ul>&#13;<\/p>\n<li>Coceira;\u00a0<\/li>\n<p>&#13;<\/p>\n<li>Ard\u00eancia;\u00a0<\/li>\n<p>&#13;<\/p>\n<li>Dor no local.<\/li>\n<p>&#13;\n<\/ul>\n<p>Al\u00e9m disso, <strong>as les\u00f5es geralmente s\u00e3o mais palp\u00e1veis do que vis\u00edveis<\/strong>, apresentando-se como les\u00f5es pequenas ou avermelhadas. Elas podem surgir de forma isolada ou m\u00faltipla.\u00a0\u00a0<\/p>\n<p><strong>Onde a queratose act\u00ednica costuma aparecer no corpo?<\/strong><\/p>\n<p>As <strong>queratoses act\u00ednicas costumam surgir nas partes do corpo que recebem sol de forma cr\u00f4nica<\/strong> ao longo da vida. &#8220;S\u00e3o muito comuns na face, no couro cabeludo de pacientes calvos, no colo, nos bra\u00e7os e no dorso das m\u00e3os. Quando aparecem nos l\u00e1bios, recebem o nome de queilite act\u00ednica&#8221;, detalhou Juliana.<\/p>\n<p>\n\t\t<img decoding=\"async\" alt=\"Imagem de uma les\u00e3o na bochecha para mat\u00e9ria sobre queratose act\u00ednica: saiba os sinais, riscos e preven\u00e7\u00e3o do c\u00e2ncer de pele.\" src=\"https:\/\/www.europesays.com\/pt\/wp-content\/uploads\/2025\/10\/Cancer-de-pele-3.jpg\" loading=\"lazy\" width=\"4088\" height=\"2725\"\/><\/p>\n<p>\n\t\t\t\tLegenda:<br \/>\n\t\t\t\t As les\u00f5es costumam surgir em regi\u00f5es mais expostas ao sol.\n\t\t\t<\/p>\n<p>\n\t\t\t\tFoto:<br \/>\n\t\t\t\t Shutterstock\/Henk Vrieselaar.\n\t\t\t<\/p>\n<\/p>\n<p><strong>O que piora a queratose?<\/strong><\/p>\n<p>A exposi\u00e7\u00e3o cr\u00f4nica \u00e0 radia\u00e7\u00e3o UV pode piorar a queratose, assim como o<strong> uso de c\u00e2meras de bronzeamento artificial<\/strong>, que voltou a ser procurado por jovens.<\/p>\n<p><strong>Qual a diferen\u00e7a entre queratose e outras les\u00f5es de pele?<\/strong><\/p>\n<p>A queratose act\u00ednica est\u00e1 diretamente ligada a um hist\u00f3rico pessoal de exposi\u00e7\u00e3o solar cr\u00f4nica, algo que o paciente deve sempre ter em mente para n\u00e3o retardar o diagn\u00f3stico.\u00a0<\/p>\n<blockquote class=\"blockquote border-accent not-italic\">\n<p>\n\t\t\t&#8220;A principal mensagem para o paciente \u00e9: se a les\u00e3o est\u00e1 em regi\u00e3o que sempre pegou sol, n\u00e3o resolve ao longo dos dias e a pele tem hist\u00f3rico de exposi\u00e7\u00e3o solar acumulada, vale procurar avalia\u00e7\u00e3o m\u00e9dica para descartar queratose act\u00ednica.&#8221;\n\t\t<\/p>\n<p>\t\t\t\t<b class=\"text-accent\"><br \/>\n\t\t\t\t\tJuliana Pinheiro<br \/>\n\t\t\t\t<\/b><\/p>\n<p>\n\t\t\t\t\t\tDermatologista\n\t\t\t\t\t<\/p>\n<\/blockquote>\n<p><strong>O que causa a queratose act\u00ednica?\u00a0<\/strong><\/p>\n<p>Uma das principais causas da queratose act\u00ednica \u00e9 o dano cumulativo da radia\u00e7\u00e3o ultravioleta. Essa \u00e9 uma das les\u00f5es mais comuns em consult\u00f3rios dermatol\u00f3gicos.<\/p>\n<p><strong>Quem pode desenvolver queratose act\u00ednica?\u00a0<\/strong><\/p>\n<p>As pessoas com maior risco de desenvolver queratose act\u00ednica s\u00e3o <strong>aquelas de pele clara, que praticamente n\u00e3o se bronzeiam, conhecidas como fototipo baixo<\/strong>.\u00a0<\/p>\n<p>Juliana ainda destacou que pacientes com hist\u00f3rico familiar de c\u00e2ncer de pele merecem aten\u00e7\u00e3o especial, bem como aqueles em uso cr\u00f4nico de imunossupressores, como os transplantados de \u00f3rg\u00e3os s\u00f3lidos.<\/p>\n<p><strong>Quais s\u00e3o os principais fatores de risco?\u00a0<\/strong><\/p>\n<p>Os indiv\u00edduos com hist\u00f3rico de exposi\u00e7\u00e3o solar cr\u00f4nica, como trabalhadores rurais e pescadores, apresentam risco elevado de desenvolver c\u00e2ncer de pele, assim como usu\u00e1rios de c\u00e2meras de bronzeamento artificial.<\/p>\n<p>Os portadores de altera\u00e7\u00f5es gen\u00e9ticas, como o albinismo e o xeroderma pigmentoso, tamb\u00e9m est\u00e3o <strong>mais suscet\u00edveis ao desenvolvimento dessas les\u00f5es<\/strong>.<\/p>\n<p>\n\t\t<img decoding=\"async\" alt=\"Imagem de uma mulher passando protetor solar, para mat\u00e9ria sobre queratose act\u00ednica.\" src=\"https:\/\/www.europesays.com\/pt\/wp-content\/uploads\/2025\/10\/Protetor-solar.jpg\" loading=\"lazy\" width=\"4088\" height=\"2725\"\/><\/p>\n<p>\n\t\t\t\tLegenda:<br \/>\n\t\t\t\t Para evitar o c\u00e2ncer de pele, \u00e9 importante usar filtro solar de amplo espectro com prote\u00e7\u00e3o para radia\u00e7\u00e3o UVA e UVB.\n\t\t\t<\/p>\n<p>\n\t\t\t\tFoto:<br \/>\n\t\t\t\t Shutterstock\/Verona studio.\n\t\t\t<\/p>\n<\/p>\n<p><strong>Como prevenir a queratose act\u00ednica no dia a dia\u00a0<\/strong><\/p>\n<p>Dentre algumas medidas que podem ser tomadas para evitar a queratose act\u00ednica, est\u00e3o:<\/p>\n<ul>&#13;<\/p>\n<li>Usar filtro solar de amplo espectro com prote\u00e7\u00e3o para radia\u00e7\u00e3o UVA e UVB (necess\u00e1rio reaplicar ap\u00f3s sudorese intensa, banho de imers\u00e3o e a cada duas horas de exposi\u00e7\u00e3o solar intensa);<\/li>\n<p>&#13;<\/p>\n<li>Utilizar chap\u00e9us, roupas de manga comprida e \u00f3culos escuros;<\/li>\n<p>&#13;<\/p>\n<li>Evitar se expor ao sol em hor\u00e1rios de maior incid\u00eancia da radia\u00e7\u00e3o ultravioleta;\u00a0<\/li>\n<p>&#13;<\/p>\n<li>Refor\u00e7ar os cuidados na inf\u00e2ncia, para evitar queimaduras solares que aumentam o risco futuro.\u00a0<\/li>\n<p>&#13;\n<\/ul>\n<p><strong>Quais s\u00e3o os tratamentos para queratose act\u00ednica?<\/strong><\/p>\n<p>Caso um paciente apresente queratose act\u00ednica, \u00e9 preciso realizar o tratamento para que les\u00f5es n\u00e3o evoluam para c\u00e2ncer de pele. A dermatologista explicou que o tratamento ir\u00e1 variar a depender de:<\/p>\n<ul>&#13;<\/p>\n<li>Tamanho;\u00a0<\/li>\n<p>&#13;<\/p>\n<li>Profundidade;\u00a0<\/li>\n<p>&#13;<\/p>\n<li>Quantidade de les\u00f5es.<\/li>\n<p>&#13;\n<\/ul>\n<p>&#8220;Quando a queratose act\u00ednica aparece de forma isolada, op\u00e7\u00f5es como a crioterapia, curetagem com eletrocoagula\u00e7\u00e3o e a remo\u00e7\u00e3o cir\u00fargica podem ser utilizadas com bons resultados&#8221;, afirmou Juliana.<\/p>\n<p>\n\t\t<img decoding=\"async\" alt=\"Imagem de uma pele com sinais para mat\u00e9ria sobre queratose act\u00ednica: saiba os sinais, riscos e preven\u00e7\u00e3o do c\u00e2ncer de pele.\" src=\"https:\/\/www.europesays.com\/pt\/wp-content\/uploads\/2025\/10\/Cancer-de-pele-5.jpg\" loading=\"lazy\" width=\"4088\" height=\"2725\"\/><\/p>\n<p>\n\t\t\t\tLegenda:<br \/>\n\t\t\t\t Nem todos os sinais ou les\u00f5es s\u00e3o cancer\u00edgenas, por isso, \u00e9 importante investigar com um especialista.\n\t\t\t<\/p>\n<p>\n\t\t\t\tFoto:<br \/>\n\t\t\t\t Shutterstock\/Kwanchai.c.\n\t\t\t<\/p>\n<\/p>\n<p>Nos casos de m\u00faltiplas les\u00f5es, \u00e9 necess\u00e1rio realizar o tratamento de campo, que remove n\u00e3o apenas as\u00a0les\u00f5es vis\u00edveis, mas tamb\u00e9m atua sobre aquelas altera\u00e7\u00f5es subcl\u00ednicas da pele, ainda n\u00e3o aparentes. O uso de medicamentos t\u00f3picos, como\u00a0o imiquimod e o 5-fluorouracila, podem ser inseridos no tratamento.\u00a0<\/p>\n<p>\u00a0<\/p>\n<p>*Juliana Pinheiro \u00e9 m\u00e9dica formada pela Universidade Federal do Cear\u00e1 com especialidade em Dermatologia pelo Centro de Dermatologia Dona Lib\u00e2nia. Ela realizou est\u00e1gios e treinamentos em importantes centros de dermatologia no Brasil e no exterior, incluindo UTHealth, Houston, Texas e Mayo Clinic).<\/p>\n","protected":false},"excerpt":{"rendered":"Para aqueles que vivem em lugares com muita exposi\u00e7\u00e3o ao sol, \u00e9 preciso ter alguns cuidados di\u00e1rios com&hellip;\n","protected":false},"author":2,"featured_media":125663,"comment_status":"","ping_status":"","sticky":false,"template":"","format":"standard","meta":{"footnotes":""},"categories":[86],"tags":[19787,116,32,33,117,7521],"class_list":{"0":"post-125662","1":"post","2":"type-post","3":"status-publish","4":"format-standard","5":"has-post-thumbnail","7":"category-saude","8":"tag-beatriz-rabelo","9":"tag-health","10":"tag-portugal","11":"tag-pt","12":"tag-saude","13":"tag-sociedade-e-saude"},"share_on_mastodon":{"url":"https:\/\/pubeurope.com\/@pt\/115434585288203518","error":""},"_links":{"self":[{"href":"https:\/\/www.europesays.com\/pt\/wp-json\/wp\/v2\/posts\/125662","targetHints":{"allow":["GET"]}}],"collection":[{"href":"https:\/\/www.europesays.com\/pt\/wp-json\/wp\/v2\/posts"}],"about":[{"href":"https:\/\/www.europesays.com\/pt\/wp-json\/wp\/v2\/types\/post"}],"author":[{"embeddable":true,"href":"https:\/\/www.europesays.com\/pt\/wp-json\/wp\/v2\/users\/2"}],"replies":[{"embeddable":true,"href":"https:\/\/www.europesays.com\/pt\/wp-json\/wp\/v2\/comments?post=125662"}],"version-history":[{"count":0,"href":"https:\/\/www.europesays.com\/pt\/wp-json\/wp\/v2\/posts\/125662\/revisions"}],"wp:featuredmedia":[{"embeddable":true,"href":"https:\/\/www.europesays.com\/pt\/wp-json\/wp\/v2\/media\/125663"}],"wp:attachment":[{"href":"https:\/\/www.europesays.com\/pt\/wp-json\/wp\/v2\/media?parent=125662"}],"wp:term":[{"taxonomy":"category","embeddable":true,"href":"https:\/\/www.europesays.com\/pt\/wp-json\/wp\/v2\/categories?post=125662"},{"taxonomy":"post_tag","embeddable":true,"href":"https:\/\/www.europesays.com\/pt\/wp-json\/wp\/v2\/tags?post=125662"}],"curies":[{"name":"wp","href":"https:\/\/api.w.org\/{rel}","templated":true}]}}