{"id":125668,"date":"2025-10-25T11:35:11","date_gmt":"2025-10-25T11:35:11","guid":{"rendered":"https:\/\/www.europesays.com\/pt\/125668\/"},"modified":"2025-10-25T11:35:11","modified_gmt":"2025-10-25T11:35:11","slug":"lula-da-silva-defende-multilateralismo-e-livre-comercio-durante-visita-a-malasia","status":"publish","type":"post","link":"https:\/\/www.europesays.com\/pt\/125668\/","title":{"rendered":"Lula da Silva defende multilateralismo e livre com\u00e9rcio durante visita \u00e0 Mal\u00e1sia"},"content":{"rendered":"<p>&#13;<br \/>\n&#8220;A rela\u00e7\u00e3o do Brasil com a Mal\u00e1sia muda de patamar a partir de hoje. Eu n\u00e3o vim aqui apenas com o interesse de vender ou com o interesse de comprar. Vim aqui para dizer ao [primeiro-ministro malaio] Anwar [Ibrahim] que temos a possibilidade de mudar o mundo, de fazer com que as coisas melhorem&#8221;, disse Lula da Silva numa confer\u00eancia de imprensa ap\u00f3s o encontro com l\u00edder malaio.&#13;\n<\/p>\n<p>&#13;<br \/>\nNum discurso de 20 minutos, o dirigente latino-americano apelou \u00e0 paz, ao com\u00e9rcio livre e ao fim da fome.&#13;\n<\/p>\n<p>&#13;<br \/>\n&#8220;O mundo precisa de paz, n\u00e3o de guerra. O mundo precisa de com\u00e9rcio livre e n\u00e3o de protecionismo. Quero dizer ao mundo que precisamos de mais comida e menos armas&#8221;, afirmou.&#13;\n<\/p>\n<p>&#13;<br \/>\nO l\u00edder brasileiro disse ainda que o Conselho de Seguran\u00e7a da ONU &#8220;n\u00e3o funciona&#8221;, ao apontar os membros permanentes como instigadores de guerras.&#13;\n<\/p>\n<p>&#13;<br \/>\n&#8220;As institui\u00e7\u00f5es multilaterais que foram criadas para tentar evitar que essas coisas acontecessem deixaram de existir (&#8230;) Todas as guerras recentes foram determinadas por pessoas que fazem parte do Conselho de Seguran\u00e7a da ONU&#8221;, disse.&#13;\n<\/p>\n<p>&#13;<br \/>\nLula da Silva, que esta semana confirmou que vai concorrer \u00e0s elei\u00e7\u00f5es de 2026, sublinhou ainda a necessidade de implementar pol\u00edticas de combate \u00e0 crise clim\u00e1tica.&#13;\n<\/p>\n<p>&#13;<br \/>\n&#8220;N\u00f3s, os l\u00edderes pol\u00edticos, temos de tomar decis\u00f5es sobre o que fazer. N\u00e3o podemos pensar apenas no nosso pa\u00eds&#8221;, declarou o Presidente do Brasil, que acolhe em novembro a Confer\u00eancia das Na\u00e7\u00f5es Unidas sobre Altera\u00e7\u00f5es Clim\u00e1ticas.&#13;\n<\/p>\n<p>&#13;<br \/>\nAnwar elogiou &#8220;a coragem&#8221; de Lula, sublinhando a &#8220;estreita amizade&#8221; entre os l\u00edderes, devido a &#8220;convic\u00e7\u00f5es e ideais comuns&#8221;, e disse que iria trabalhar para garantir que as rela\u00e7\u00f5es bilaterais &#8220;v\u00e3o al\u00e9m do com\u00e9rcio e do investimento&#8221;.&#13;\n<\/p>\n<p>&#13;<br \/>\nOs dois l\u00edderes presidiram \u00e0 assinatura de sete acordos bilaterais na capital da Mal\u00e1sia, em \u00e1reas como semicondutores, ci\u00eancia, tecnologia e inova\u00e7\u00e3o, entre outras.&#13;\n<\/p>\n<p>&#13;<br \/>\nO l\u00edder brasileiro vai estar esta tarde na Universidade Nacional da Mal\u00e1sia, onde vai ser agraciado com um doutoramento Honoris Causa em Desenvolvimento Internacional e o Sul Global, &#8220;em reconhecimento pela lideran\u00e7a, contribui\u00e7\u00f5es e compromisso de Lula com o desenvolvimento internacional, particularmente no avan\u00e7o do Sul Global&#8221;.&#13;\n<\/p>\n<p>&#13;<br \/>\nNa capital da Mal\u00e1sia, Lula participa tamb\u00e9m, a partir de domingo, na cimeira de l\u00edderes da Associa\u00e7\u00e3o das Na\u00e7\u00f5es do Sudeste Asi\u00e1tico (ASEAN), sendo o primeiro l\u00edder brasileiro a assistir ao evento.&#13;\n<\/p>\n<p>&#13;<br \/>\nLula vai estar presente na qualidade de atual presidente do grupo de economias emergentes BRICS.&#13;\n<\/p>\n<p>&#13;<br \/>\n\u00c0 margem da cimeira, que decorre de 26 a 28, o Presidente do Brasil poder\u00e1 encontrar-se com o hom\u00f3logo norte-americano, Donald Trump, o que, apesar de n\u00e3o estar confirmado, n\u00e3o foi descartado por Bras\u00edlia, que sublinhou, esta semana, que &#8220;h\u00e1 espa\u00e7os&#8221; dispon\u00edveis na agenda. &#13;\n<\/p>\n<p>&#13;<br \/>\nLula disse na sexta-feira estar &#8220;interessado nesse encontro&#8221;, com o objetivo de &#8220;defender os interesses do Brasil e mostrar que houve um erro nas tarifas sobre o Brasil&#8221;.&#13;\n<\/p>\n<p>&#13;<br \/>\n&#8220;Penso que nos vamos encontrar, sim&#8221;, afirmou esta sexta-feira Trump a jornalistas a bordo do avi\u00e3o presidencial Air Force One.&#13;\n<\/p>\n<p>&#13;<br \/>\nO Brasil e os Estados Unidos est\u00e3o a viver uma crise diplom\u00e1tica sem precedentes, depois de Trump ter imposto tarifas de 50% sobre grande parte dos produtos brasileiros, na sequ\u00eancia do julgamento em que o ex-presidente Jair Bolsonaro foi condenado a 27 anos e tr\u00eas meses de pris\u00e3o.&#13;<\/p>\n","protected":false},"excerpt":{"rendered":"&#13; &#8220;A rela\u00e7\u00e3o do Brasil com a Mal\u00e1sia muda de patamar a partir de hoje. Eu n\u00e3o vim&hellip;\n","protected":false},"author":2,"featured_media":125669,"comment_status":"","ping_status":"","sticky":false,"template":"","format":"standard","meta":{"footnotes":""},"categories":[50],"tags":[27,28,28845,15,16,14,25,26,21,22,62,12,13,19,20,910,23,24,17,18,29,30,31,63,64,65],"class_list":{"0":"post-125668","1":"post","2":"type-post","3":"status-publish","4":"format-standard","5":"has-post-thumbnail","7":"category-mundo","8":"tag-breaking-news","9":"tag-breakingnews","10":"tag-climaticas-anwar","11":"tag-featured-news","12":"tag-featurednews","13":"tag-headlines","14":"tag-latest-news","15":"tag-latestnews","16":"tag-main-news","17":"tag-mainnews","18":"tag-mundo","19":"tag-news","20":"tag-noticias","21":"tag-noticias-principais","22":"tag-noticiasprincipais","23":"tag-onu","24":"tag-principais-noticias","25":"tag-principaisnoticias","26":"tag-top-stories","27":"tag-topstories","28":"tag-ultimas","29":"tag-ultimas-noticias","30":"tag-ultimasnoticias","31":"tag-world","32":"tag-world-news","33":"tag-worldnews"},"share_on_mastodon":{"url":"https:\/\/pubeurope.com\/@pt\/115434600838973607","error":""},"_links":{"self":[{"href":"https:\/\/www.europesays.com\/pt\/wp-json\/wp\/v2\/posts\/125668","targetHints":{"allow":["GET"]}}],"collection":[{"href":"https:\/\/www.europesays.com\/pt\/wp-json\/wp\/v2\/posts"}],"about":[{"href":"https:\/\/www.europesays.com\/pt\/wp-json\/wp\/v2\/types\/post"}],"author":[{"embeddable":true,"href":"https:\/\/www.europesays.com\/pt\/wp-json\/wp\/v2\/users\/2"}],"replies":[{"embeddable":true,"href":"https:\/\/www.europesays.com\/pt\/wp-json\/wp\/v2\/comments?post=125668"}],"version-history":[{"count":0,"href":"https:\/\/www.europesays.com\/pt\/wp-json\/wp\/v2\/posts\/125668\/revisions"}],"wp:featuredmedia":[{"embeddable":true,"href":"https:\/\/www.europesays.com\/pt\/wp-json\/wp\/v2\/media\/125669"}],"wp:attachment":[{"href":"https:\/\/www.europesays.com\/pt\/wp-json\/wp\/v2\/media?parent=125668"}],"wp:term":[{"taxonomy":"category","embeddable":true,"href":"https:\/\/www.europesays.com\/pt\/wp-json\/wp\/v2\/categories?post=125668"},{"taxonomy":"post_tag","embeddable":true,"href":"https:\/\/www.europesays.com\/pt\/wp-json\/wp\/v2\/tags?post=125668"}],"curies":[{"name":"wp","href":"https:\/\/api.w.org\/{rel}","templated":true}]}}