{"id":125676,"date":"2025-10-25T11:39:07","date_gmt":"2025-10-25T11:39:07","guid":{"rendered":"https:\/\/www.europesays.com\/pt\/125676\/"},"modified":"2025-10-25T11:39:07","modified_gmt":"2025-10-25T11:39:07","slug":"klaus-mitteldorf-faz-mostra-que-encerra-fase-na-fotografia-24-10-2025-ilustrada","status":"publish","type":"post","link":"https:\/\/www.europesays.com\/pt\/125676\/","title":{"rendered":"Klaus Mitteldorf faz mostra que encerra fase na fotografia &#8211; 24\/10\/2025 &#8211; Ilustrada"},"content":{"rendered":"<p>Uma mulher de olhar distante surge envolta por linhas que cruzam seu corpo, como se a fotografia tentasse escapar das amarras impostas pelo mundo digital. A imagem, uma das mais emblem\u00e1ticas da s\u00e9rie &#8220;Fade Nudes&#8221;, sintetiza o esp\u00edrito da nova exposi\u00e7\u00e3o de <a href=\"https:\/\/www1.folha.uol.com.br\/fsp\/ilustrad\/fq10069815.htm\" rel=\"nofollow noopener\" target=\"\">Klaus Mitteldorf<\/a>, &#8220;MMXXV&#8221;, que abriu nesta quinta (23), na Carcar\u00e1 Photo Art, em S\u00e3o Paulo. S\u00e3o imagens que escondem e revelam \u2014como o pr\u00f3prio artista, aos 72 anos, revendo meio s\u00e9culo de trajet\u00f3ria para se reinventar mais uma vez.<\/p>\n<p>A mostra re\u00fane cerca de cem trabalhos in\u00e9ditos, criados entre 2018 e 2025, per\u00edodo em que Mitteldorf mergulhou em seu vasto arquivo pessoal \u2014mais de 60 gavetas de negativos acumuladas desde os anos 1970. For\u00e7ado pelo isolamento da <a href=\"https:\/\/www1.folha.uol.com.br\/cotidiano\/coronavirus\/\" rel=\"nofollow noopener\" target=\"\">pandemia<\/a> a interromper projetos de <a href=\"https:\/\/www1.folha.uol.com.br\/folha-topicos\/cinema\/\" rel=\"nofollow noopener\" target=\"_blank\">cinema<\/a>, ele voltou-se para dentro.<\/p>\n<p>&#8220;Comecei a rever meus trabalhos e a fantasi\u00e1-los. Descobri coisas que eu mesmo n\u00e3o sabia que existiam&#8221;, afirma. Dessa imers\u00e3o nasceram s\u00e9ries como &#8220;Pandemia&#8221;, &#8220;Entre Espelhos&#8221;, &#8220;Identidades&#8221; e &#8220;Game Over&#8221;, reunidas agora em uma esp\u00e9cie de antologia visual que marca o fim de um ciclo criativo.<\/p>\n<p>N\u00e3o se trata, contudo, de uma retrospectiva. &#8220;MMXXV&#8221;, explica o artista, \u00e9 um retrato de si mesmo no presente. &#8220;Passei por 70 anos, 50 anos de fotografia, e falei: &#8216;quem sou eu hoje?&#8217; O n\u00famero romano 2025 resume exatamente isso.&#8221; O projeto deu origem tamb\u00e9m a um livro hom\u00f4nimo, com design de Marcos Pereira de Almeida e tratamento de imagem do Est\u00fadio 321, que acompanha a exposi\u00e7\u00e3o como cat\u00e1logo expandido.<\/p>\n<p>A curadoria de Rubens Fernandes Junior destaca o rigor gr\u00e1fico e a ousadia crom\u00e1tica que sempre caracterizaram o autor. Pioneiro na fotografia de surfe e skate nos anos 1970, Mitteldorf construiu uma carreira marcada pela experimenta\u00e7\u00e3o \u2014nas cores, nas narrativas e nas formas de desconstruir o corpo. Ao longo de cinco d\u00e9cadas, publicou 16 livros e exp\u00f4s em institui\u00e7\u00f5es como <a href=\"https:\/\/www1.folha.uol.com.br\/folha-topicos\/masp\/\" rel=\"nofollow noopener\" target=\"_blank\">Masp<\/a>, MAM, <a href=\"https:\/\/www1.folha.uol.com.br\/ilustrada\/2025\/03\/pinacoteca-pensa-a-noite-como-uma-crianca-em-exposicao-que-abre-2025.shtml\" rel=\"nofollow noopener\" target=\"\">Pinacoteca<\/a>, MAB Faap e o <a href=\"https:\/\/www1.folha.uol.com.br\/folha-topicos\/museu\/\" rel=\"nofollow noopener\" target=\"_blank\">Museu Ludwig de Col\u00f4nia<\/a>, na Alemanha.<\/p>\n<p>Nas imagens de &#8220;MMXXV&#8221;, a fotografia encontra o tra\u00e7o pict\u00f3rico. Camadas se sobrep\u00f5em, transpar\u00eancias se cruzam, cores se inventam. &#8220;Hoje posso desmontar e remontar as imagens no computador, dar contrastes e transpar\u00eancias que antes n\u00e3o eram poss\u00edveis. Isso cria uma sensa\u00e7\u00e3o de pintura, mas vem da fotografia. \u00c9 um processo autom\u00e1tico, quase intuitivo&#8221;, afirma. A experimenta\u00e7\u00e3o, diz ele, \u00e9 a sua forma de terapia.<\/p>\n<p>O isolamento da pandemia tamb\u00e9m trouxe um olhar novo para a passagem do tempo. No cap\u00edtulo &#8220;Minha Casa \u00e0 Beira-Mar&#8221;, Mitteldorf montou paisagens imagin\u00e1rias com fotos feitas pelo celular, misturando lembran\u00e7as de viagens com o desejo de liberdade. &#8220;Comecei a fantasiar como seria a minha casa \u00e0 beira-mar, porque eu n\u00e3o podia ir \u00e0 praia&#8221;, conta. J\u00e1 em &#8220;Game Over&#8221;, o artista veste suas &#8220;guerreiras&#8221; \u2014modelos estilizadas por Gabriela Couz\u00f3n\u2014 com roupas futuristas.<\/p>\n<p>H\u00e1 tamb\u00e9m cr\u00edtica e ironia. &#8220;Fade Nudes&#8221; responde \u00e0 censura velada das redes sociais e ao conservadorismo do olhar contempor\u00e2neo. &#8220;Passei linhas sobre os corpos para esconder aquilo que os aplicativos n\u00e3o deixam mostrar. \u00c9 uma cr\u00edtica \u00e0 liberdade de express\u00e3o reduzida&#8221;, afirma. O artista recupera sua velha paix\u00e3o pela mitologia grega e eg\u00edpcia, reencenando deuses e hero\u00ednas como arqu\u00e9tipos modernos, reinventados com a textura do digital.<\/p>\n<p>&#8220;MMXXV&#8221; \u00e9 tamb\u00e9m um ponto de inflex\u00e3o. Ap\u00f3s lan\u00e7ar seu primeiro longa, &#8220;<a href=\"https:\/\/www1.folha.uol.com.br\/ilustrada\/2020\/03\/bruna-marquezine-nao-esta-mal-em-sua-estreia-como-protagonista-no-cinema.shtml\" rel=\"nofollow noopener\" target=\"\">Vou Nadar At\u00e9 Voc\u00ea<\/a>&#8220;, no Festival de Gramado de 2019, Mitteldorf agora volta-se de vez para o cinema. Ele prepara dois novos projetos: um sobre o lend\u00e1rio epis\u00f3dio do Ver\u00e3o da Lata, de 1987 \u2014quando um navio despejou 22 toneladas de maconha no mar do Rio de Janeiro\u2014, e outro chamado &#8220;Capa Vermelha&#8221;, um filme policial sobre vingan\u00e7a, nascido do personagem criado no ensaio &#8220;Entre Espelhos&#8221;. &#8220;Sempre quis fazer cinema. Na verdade, parei de fazer cinema para ser fot\u00f3grafo \u2014para continuar fazendo cinema&#8221;, diz.<\/p>\n<p>Mesmo diante de um mundo pulverizado por redes e excesso de imagens, Klaus segue acreditando na <a href=\"https:\/\/www1.folha.uol.com.br\/folha-topicos\/arte\/\" rel=\"nofollow noopener\" target=\"_blank\">arte<\/a> como elo. &#8220;Hoje h\u00e1 milhares de pessoas fazendo coisas boas, e \u00e9 dif\u00edcil furar essa bolha. Mas a arte ainda \u00e9 o que junta as pessoas num mundo dividido&#8221;, afirma. Entre mem\u00f3rias, ele transforma o fim em recome\u00e7o \u2014um &#8220;game over&#8221; que \u00e9, na verdade, &#8220;press start&#8221;.<\/p>\n","protected":false},"excerpt":{"rendered":"Uma mulher de olhar distante surge envolta por linhas que cruzam seu corpo, como se a fotografia tentasse&hellip;\n","protected":false},"author":2,"featured_media":125677,"comment_status":"","ping_status":"","sticky":false,"template":"","format":"standard","meta":{"footnotes":""},"categories":[144],"tags":[207,205,206,203,201,202,470,204,114,115,236,2085,1739,5734,28846,32,33],"class_list":{"0":"post-125676","1":"post","2":"type-post","3":"status-publish","4":"format-standard","5":"has-post-thumbnail","7":"category-arte-e-design","8":"tag-arte","9":"tag-arte-e-design","10":"tag-artedesign","11":"tag-arts","12":"tag-arts-and-design","13":"tag-artsanddesign","14":"tag-cinema","15":"tag-design","16":"tag-entertainment","17":"tag-entretenimento","18":"tag-folha","19":"tag-fotografia","20":"tag-masp","21":"tag-pandemia","22":"tag-pinacoteca","23":"tag-portugal","24":"tag-pt"},"share_on_mastodon":{"url":"https:\/\/pubeurope.com\/@pt\/115434616470517025","error":""},"_links":{"self":[{"href":"https:\/\/www.europesays.com\/pt\/wp-json\/wp\/v2\/posts\/125676","targetHints":{"allow":["GET"]}}],"collection":[{"href":"https:\/\/www.europesays.com\/pt\/wp-json\/wp\/v2\/posts"}],"about":[{"href":"https:\/\/www.europesays.com\/pt\/wp-json\/wp\/v2\/types\/post"}],"author":[{"embeddable":true,"href":"https:\/\/www.europesays.com\/pt\/wp-json\/wp\/v2\/users\/2"}],"replies":[{"embeddable":true,"href":"https:\/\/www.europesays.com\/pt\/wp-json\/wp\/v2\/comments?post=125676"}],"version-history":[{"count":0,"href":"https:\/\/www.europesays.com\/pt\/wp-json\/wp\/v2\/posts\/125676\/revisions"}],"wp:featuredmedia":[{"embeddable":true,"href":"https:\/\/www.europesays.com\/pt\/wp-json\/wp\/v2\/media\/125677"}],"wp:attachment":[{"href":"https:\/\/www.europesays.com\/pt\/wp-json\/wp\/v2\/media?parent=125676"}],"wp:term":[{"taxonomy":"category","embeddable":true,"href":"https:\/\/www.europesays.com\/pt\/wp-json\/wp\/v2\/categories?post=125676"},{"taxonomy":"post_tag","embeddable":true,"href":"https:\/\/www.europesays.com\/pt\/wp-json\/wp\/v2\/tags?post=125676"}],"curies":[{"name":"wp","href":"https:\/\/api.w.org\/{rel}","templated":true}]}}