{"id":125704,"date":"2025-10-25T12:15:14","date_gmt":"2025-10-25T12:15:14","guid":{"rendered":"https:\/\/www.europesays.com\/pt\/125704\/"},"modified":"2025-10-25T12:15:14","modified_gmt":"2025-10-25T12:15:14","slug":"campeonatos-do-mundo-de-pista","status":"publish","type":"post","link":"https:\/\/www.europesays.com\/pt\/125704\/","title":{"rendered":"Campeonatos do Mundo de Pista"},"content":{"rendered":"<p>No moderno Vel\u00f3dromo Pe\u00f1alol\u00e9n, os melhores velocistas e especialistas da pista do planeta competir\u00e3o em 22 provas (11 masculinas e 11 femininas), disputando t\u00edtulos mundiais nas modalidades de sprint, persegui\u00e7\u00e3o, omnium, Madison, keirin, pontos, scratch, elimina\u00e7\u00e3o, entre outras.<\/p>\n<p>&#13;<br \/>\nDurante estes cinco dias, as pistas chilenas v\u00e3o testemunhar a busca pelas t\u00e3o cobi\u00e7adas camisolas arco-\u00edris, numa prova que testar\u00e1 velocidade, resist\u00eancia t\u00e1tica e estrat\u00e9gia cicl\u00edstica. Cada segundo conta, entre o equil\u00edbrio, a pot\u00eancia e precis\u00e3o, ser\u00e1 decisivo no momento de erguer o trof\u00e9u de campe\u00e3o mundial.&#13;\n<\/p>\n<p><a href=\"https:\/\/www.rtp.pt\/play\/direto\/rtpdesporto1\" target=\"_blank\" rel=\"nofollow noopener\"><img decoding=\"async\" src=\"https:\/\/www.europesays.com\/pt\/wp-content\/uploads\/2025\/10\/4cf0f73eed0470f8def8ce0bb42f38f9\"\/><\/a><\/p>\n<p>I\u00fari Leit\u00e3o e Diogo Narciso falham presen\u00e7a em finais<br \/>\nOs portugueses I\u00fari Leit\u00e3o e Diogo Narciso foram hoje eliminados nas qualifica\u00e7\u00f5es do quil\u00f3metro e da persegui\u00e7\u00e3o individual, respetivamente, nos Mundiais de ciclismo de pista, que decorrem em Santiago do Chile, falhando as finais agendadas para esta noite.<\/p>\n<p>Depois da medalha de bronze conquistada na quinta-feira na prova de scratch, I\u00fari Leit\u00e3o voltou a competir no vel\u00f3dromo chileno, desta vez na disciplina do quil\u00f3metro contrarrel\u00f3gio, terminando a qualifica\u00e7\u00e3o na 26.\u00aa posi\u00e7\u00e3o, entre 30 participantes.<\/p>\n<p>O ciclista vianense completou o esfor\u00e7o de um quil\u00f3metro em 1.02,116 minutos, a 4,435 segundos do neerland\u00eas Harrie Lavreysen, que venceu a ronda de apuramento com 57,681 segundos e uma m\u00e9dia de 62,412 km\/h.<\/p>\n<p>Apenas os oito melhores tempos seguiram para a final, marcada para esta noite, deixando o portugu\u00eas fora da decis\u00e3o. Lavreysen, campe\u00e3o ol\u00edmpico e mundial em v\u00e1rias disciplinas de velocidade, liderou uma qualifica\u00e7\u00e3o dominada pelos sprinters, \u00e0 frente do brit\u00e2nico Joseph Truman e do neerland\u00eas Jeffrey Hoogland, segundo e terceiro classificados, respetivamente.<\/p>\n<p>Na persegui\u00e7\u00e3o individual, disputada em 4.000 metros, Diogo Narciso concluiu a qualifica\u00e7\u00e3o na 21.\u00aa posi\u00e7\u00e3o, entre 26 corredores, com o tempo de 4.21,511 minutos e uma m\u00e9dia de 55,065 km\/h, a 18,667 segundos do brit\u00e2nico Josh Charlton, o mais r\u00e1pido da ronda.<\/p>\n<p>O dinamarqu\u00eas Rasmus Pedersen, segundo, e o australiano James Moriarty, terceiro, completaram o trio da frente, numa qualifica\u00e7\u00e3o em que apenas os quatro primeiros garantiram o acesso \u00e0s corridas de medalhas nesta categoria.<\/p>\n<p>Os campeonatos prosseguem ainda esta sexta-feira com Jo\u00e3o Matias na final direta da corrida por pontos (21:00 em Lisboa) e, no s\u00e1bado, com I\u00fari Leit\u00e3o a disputar as quatro provas do omnium.<\/p>\n<p>No domingo, Jo\u00e3o Matias regressa para a final da elimina\u00e7\u00e3o e a dupla Diogo Narciso\/I\u00fari Leit\u00e3o encerra a participa\u00e7\u00e3o portuguesa na prova de madison.<br \/>&#13;<\/p>\n","protected":false},"excerpt":{"rendered":"No moderno Vel\u00f3dromo Pe\u00f1alol\u00e9n, os melhores velocistas e especialistas da pista do planeta competir\u00e3o em 22 provas (11&hellip;\n","protected":false},"author":2,"featured_media":125705,"comment_status":"","ping_status":"","sticky":false,"template":"","format":"standard","meta":{"footnotes":""},"categories":[87],"tags":[135,13,32,33,420,421,134],"class_list":{"0":"post-125704","1":"post","2":"type-post","3":"status-publish","4":"format-standard","5":"has-post-thumbnail","7":"category-desporto","8":"tag-desporto","9":"tag-noticias","10":"tag-portugal","11":"tag-pt","12":"tag-rtp","13":"tag-rtp-noticias","14":"tag-sports"},"share_on_mastodon":{"url":"https:\/\/pubeurope.com\/@pt\/115434758173764414","error":""},"_links":{"self":[{"href":"https:\/\/www.europesays.com\/pt\/wp-json\/wp\/v2\/posts\/125704","targetHints":{"allow":["GET"]}}],"collection":[{"href":"https:\/\/www.europesays.com\/pt\/wp-json\/wp\/v2\/posts"}],"about":[{"href":"https:\/\/www.europesays.com\/pt\/wp-json\/wp\/v2\/types\/post"}],"author":[{"embeddable":true,"href":"https:\/\/www.europesays.com\/pt\/wp-json\/wp\/v2\/users\/2"}],"replies":[{"embeddable":true,"href":"https:\/\/www.europesays.com\/pt\/wp-json\/wp\/v2\/comments?post=125704"}],"version-history":[{"count":0,"href":"https:\/\/www.europesays.com\/pt\/wp-json\/wp\/v2\/posts\/125704\/revisions"}],"wp:featuredmedia":[{"embeddable":true,"href":"https:\/\/www.europesays.com\/pt\/wp-json\/wp\/v2\/media\/125705"}],"wp:attachment":[{"href":"https:\/\/www.europesays.com\/pt\/wp-json\/wp\/v2\/media?parent=125704"}],"wp:term":[{"taxonomy":"category","embeddable":true,"href":"https:\/\/www.europesays.com\/pt\/wp-json\/wp\/v2\/categories?post=125704"},{"taxonomy":"post_tag","embeddable":true,"href":"https:\/\/www.europesays.com\/pt\/wp-json\/wp\/v2\/tags?post=125704"}],"curies":[{"name":"wp","href":"https:\/\/api.w.org\/{rel}","templated":true}]}}