{"id":125711,"date":"2025-10-25T12:22:09","date_gmt":"2025-10-25T12:22:09","guid":{"rendered":"https:\/\/www.europesays.com\/pt\/125711\/"},"modified":"2025-10-25T12:22:09","modified_gmt":"2025-10-25T12:22:09","slug":"advogada-do-jet-set-joana-ramirez-foi-internada-compulsivamente","status":"publish","type":"post","link":"https:\/\/www.europesays.com\/pt\/125711\/","title":{"rendered":"Advogada do jet set Joana Ramirez foi internada compulsivamente"},"content":{"rendered":"<p data-remotead-prev-elm=\"true\" data-remotead-elm-id=\"inread\">Joana Ramirez, tamb\u00e9m conhecida como &#8220;a advogada do jet set&#8221;, foi internada compulsivamente, por ordem de um juiz do Tribunal do Bolh\u00e3o, na ala psiqui\u00e1trica de um hospital do Porto. A decis\u00e3o foi tomada esta semana, ap\u00f3s uma avalia\u00e7\u00e3o cl\u00ednico-psiqui\u00e1trica da jurista, que confirmou padecer de doen\u00e7a mental e recusou tratamento. Para o tribunal, de acordo com o relat\u00f3rio m\u00e9dico, tal como a mulher est\u00e1, \u00e9 um perigo para si e para terceiros.<\/p>\n","protected":false},"excerpt":{"rendered":"Joana Ramirez, tamb\u00e9m conhecida como &#8220;a advogada do jet set&#8221;, foi internada compulsivamente, por ordem de um juiz&hellip;\n","protected":false},"author":2,"featured_media":125712,"comment_status":"","ping_status":"","sticky":false,"template":"","format":"standard","meta":{"footnotes":""},"categories":[8],"tags":[27,28,15,16,14,28847,603,25,26,21,22,12,13,19,20,32,23,24,33,17,18,29,30,31],"class_list":{"0":"post-125711","1":"post","2":"type-post","3":"status-publish","4":"format-standard","5":"has-post-thumbnail","7":"category-principais-noticias","8":"tag-breaking-news","9":"tag-breakingnews","10":"tag-featured-news","11":"tag-featurednews","12":"tag-headlines","13":"tag-joana-ramirez","14":"tag-justica","15":"tag-latest-news","16":"tag-latestnews","17":"tag-main-news","18":"tag-mainnews","19":"tag-news","20":"tag-noticias","21":"tag-noticias-principais","22":"tag-noticiasprincipais","23":"tag-portugal","24":"tag-principais-noticias","25":"tag-principaisnoticias","26":"tag-pt","27":"tag-top-stories","28":"tag-topstories","29":"tag-ultimas","30":"tag-ultimas-noticias","31":"tag-ultimasnoticias"},"share_on_mastodon":{"url":"https:\/\/pubeurope.com\/@pt\/115434785552429279","error":""},"_links":{"self":[{"href":"https:\/\/www.europesays.com\/pt\/wp-json\/wp\/v2\/posts\/125711","targetHints":{"allow":["GET"]}}],"collection":[{"href":"https:\/\/www.europesays.com\/pt\/wp-json\/wp\/v2\/posts"}],"about":[{"href":"https:\/\/www.europesays.com\/pt\/wp-json\/wp\/v2\/types\/post"}],"author":[{"embeddable":true,"href":"https:\/\/www.europesays.com\/pt\/wp-json\/wp\/v2\/users\/2"}],"replies":[{"embeddable":true,"href":"https:\/\/www.europesays.com\/pt\/wp-json\/wp\/v2\/comments?post=125711"}],"version-history":[{"count":0,"href":"https:\/\/www.europesays.com\/pt\/wp-json\/wp\/v2\/posts\/125711\/revisions"}],"wp:featuredmedia":[{"embeddable":true,"href":"https:\/\/www.europesays.com\/pt\/wp-json\/wp\/v2\/media\/125712"}],"wp:attachment":[{"href":"https:\/\/www.europesays.com\/pt\/wp-json\/wp\/v2\/media?parent=125711"}],"wp:term":[{"taxonomy":"category","embeddable":true,"href":"https:\/\/www.europesays.com\/pt\/wp-json\/wp\/v2\/categories?post=125711"},{"taxonomy":"post_tag","embeddable":true,"href":"https:\/\/www.europesays.com\/pt\/wp-json\/wp\/v2\/tags?post=125711"}],"curies":[{"name":"wp","href":"https:\/\/api.w.org\/{rel}","templated":true}]}}