{"id":125717,"date":"2025-10-25T12:27:14","date_gmt":"2025-10-25T12:27:14","guid":{"rendered":"https:\/\/www.europesays.com\/pt\/125717\/"},"modified":"2025-10-25T12:27:14","modified_gmt":"2025-10-25T12:27:14","slug":"radio-educadora-fm-dois-vizinhos-pr-18","status":"publish","type":"post","link":"https:\/\/www.europesays.com\/pt\/125717\/","title":{"rendered":"R\u00e1dio Educadora FM &#8211; Dois Vizinhos PR."},"content":{"rendered":"<p>\n                            Novidade foi apresentada para o presidente Saulo Matos, da ACEDV\/CDL.                        <\/p>\n<p style=\"text-align: justify;\">Na \u00faltima quinta-feira, 23, representantes do Grupo Pandolfi visitaram a Associa\u00e7\u00e3o Empresarial de Dois Vizinhos (ACEDV\/CDL) para apresentar ao presidente Saulo Matos o projeto de um hotel que ser\u00e1 constru\u00eddo no munic\u00edpio. O espa\u00e7o ficar\u00e1 pr\u00f3ximo ao posto de combust\u00edveis \u2013 na Rua Senador Attilio Fontana, sa\u00edda para Francisco Beltr\u00e3o. \u201cRecebemos os representantes do grupo Pandolfi, nossos parceiros, associados da ACEDV\/CDL que nos trouxeram essa grande novidade. Dois Vizinhos tem crescido muito, j\u00e1 \u00e9 polo do turismo econ\u00f4mico e vem se tornando tamb\u00e9m refer\u00eancia no turismo religioso, entre outros, e o Grupo Pandolfi vislumbrou essa possibilidade de investimento que ajuda a fomentar ainda mais esse setor\u201d, elogiou Saulo Matos.<\/p>\n<p>Fonte: Assessoria<\/p>\n","protected":false},"excerpt":{"rendered":"Novidade foi apresentada para o presidente Saulo Matos, da ACEDV\/CDL. Na \u00faltima quinta-feira, 23, representantes do Grupo Pandolfi&hellip;\n","protected":false},"author":2,"featured_media":125718,"comment_status":"","ping_status":"","sticky":false,"template":"","format":"standard","meta":{"footnotes":""},"categories":[141],"tags":[3050,3056,3054,3055,3051,3052,114,115,1914,1915,149,150,3053,32,33,766],"class_list":{"0":"post-125717","1":"post","2":"type-post","3":"status-publish","4":"format-standard","5":"has-post-thumbnail","7":"category-musica","8":"tag-am","9":"tag-ao-vivo","10":"tag-dois-vizinhos","11":"tag-doisvizinhos","12":"tag-educadora","13":"tag-educadoradv","14":"tag-entertainment","15":"tag-entretenimento","16":"tag-fm","17":"tag-mp3","18":"tag-music","19":"tag-musica","20":"tag-player","21":"tag-portugal","22":"tag-pt","23":"tag-radio"},"share_on_mastodon":{"url":"https:\/\/pubeurope.com\/@pt\/115434805199816526","error":""},"_links":{"self":[{"href":"https:\/\/www.europesays.com\/pt\/wp-json\/wp\/v2\/posts\/125717","targetHints":{"allow":["GET"]}}],"collection":[{"href":"https:\/\/www.europesays.com\/pt\/wp-json\/wp\/v2\/posts"}],"about":[{"href":"https:\/\/www.europesays.com\/pt\/wp-json\/wp\/v2\/types\/post"}],"author":[{"embeddable":true,"href":"https:\/\/www.europesays.com\/pt\/wp-json\/wp\/v2\/users\/2"}],"replies":[{"embeddable":true,"href":"https:\/\/www.europesays.com\/pt\/wp-json\/wp\/v2\/comments?post=125717"}],"version-history":[{"count":0,"href":"https:\/\/www.europesays.com\/pt\/wp-json\/wp\/v2\/posts\/125717\/revisions"}],"wp:featuredmedia":[{"embeddable":true,"href":"https:\/\/www.europesays.com\/pt\/wp-json\/wp\/v2\/media\/125718"}],"wp:attachment":[{"href":"https:\/\/www.europesays.com\/pt\/wp-json\/wp\/v2\/media?parent=125717"}],"wp:term":[{"taxonomy":"category","embeddable":true,"href":"https:\/\/www.europesays.com\/pt\/wp-json\/wp\/v2\/categories?post=125717"},{"taxonomy":"post_tag","embeddable":true,"href":"https:\/\/www.europesays.com\/pt\/wp-json\/wp\/v2\/tags?post=125717"}],"curies":[{"name":"wp","href":"https:\/\/api.w.org\/{rel}","templated":true}]}}