{"id":125719,"date":"2025-10-25T12:29:14","date_gmt":"2025-10-25T12:29:14","guid":{"rendered":"https:\/\/www.europesays.com\/pt\/125719\/"},"modified":"2025-10-25T12:29:14","modified_gmt":"2025-10-25T12:29:14","slug":"mourinho-sendo-socio-deve-votar-e-ja-agora-que-vote-em-mim-maisfutebol","status":"publish","type":"post","link":"https:\/\/www.europesays.com\/pt\/125719\/","title":{"rendered":"\u00abMourinho? Sendo s\u00f3cio deve votar e j\u00e1 agora, que vote em mim&#8230;\u00bb &#8211; Maisfutebol"},"content":{"rendered":"<ol>\n<li><a href=\"https:\/\/news.google.com\/rss\/articles\/CBMiuAFBVV95cUxNQkVacXROTk00b2NuRlREaFFhc3pCQ1plbzZzSDd1VXF3Mm9aTVpxTWRrMkdtYUhiZmJ6Y1BqTEhSN0J4dEp1RDFHeUJtN2Ewc3BPalZKQ3Z3RHhGc24wNEE5bnk5dURyNmJIVk8yTVplaDBQTnBfWDNodnozcVlSaXlNd05RTkRkM2dkQmI3U0prVzIxRkktenA4dlhnSHRYRDlON0kwekJCSmRuRzBZaDE1LWkyV2pn?oc=5\" target=\"_blank\" rel=\"nofollow noopener\">\u00abMourinho? Sendo s\u00f3cio deve votar e j\u00e1 agora, que vote em mim&#8230;\u00bb<\/a>&nbsp;&nbsp;Maisfutebol<\/li>\n<li><a href=\"https:\/\/news.google.com\/rss\/articles\/CBMitwFBVV95cUxOZkExTkpGOVZGRFR6Qk1rNTFpRXZSTmZidUctUFlRVnlPeU9nLUlMWGdxNDVYYmFlaGRGZ0hJTUFscnpqaFVBLTZKV21MY0JWN3diWEJRaG1ZTEtkTm96N0xyR0N4TjI2c3BycEZqb2VtRTJKRG1hT2RIblRyMDRuUGtGMlZ0TTBoaFdoTUxycDBlTzluVU1iQ0xhZjVpeldIZlZ1RHFvX2l4R3F1dnhHN0JfZXN0LTg?oc=5\" target=\"_blank\" rel=\"nofollow noopener\">Elei\u00e7\u00f5es do Benfica. Jo\u00e3o Diogo Manteigas: \u201cLan\u00e7ar auditoria forense ao grupo Benfica \u00e9 priorit\u00e1rio&#8221;<\/a>&nbsp;&nbsp;Di\u00e1rio de Not\u00edcias<\/li>\n<li><a href=\"https:\/\/news.google.com\/rss\/articles\/CBMi8AFBVV95cUxQbzZVbFN1RFo0eWl0eWdONmQ5SEk5ZS1LZGZnbzZVazh2S1FTZXl1cXZoT0FsMHJ6QWQ0Z2pNc3E1dGwwckV2WllCRGxWYzJEYTBTV1p5eE5NVXVxNlZ5c0Z6dmplcWo1d0xQYXJ4LUV5ZzctbTg2ZGw5YmpWc2d1RXd5X0hOamJwRXlxQ2s5X3duYTVsOWpZZmdIQ3lRaWgwQ2J3V29kTjRUVGZrQjhwZ1V0WW5VZjEtU0lzei12QzZzc01qdHQ2bG01cnVfbndJV1k3by1ETUpvZVU3N2JmU1RFYnZPdFRMUWVybmdEQzg?oc=5\" target=\"_blank\" rel=\"nofollow noopener\">Manteigas. &#8220;Sr. presidente&#8221; do carteiro e pesadelo no Seixal<\/a>&nbsp;&nbsp;Observador<\/li>\n<li><a href=\"https:\/\/news.google.com\/rss\/articles\/CBMitAFBVV95cUxPMVY3N05TN3prUnUzQm5XTm9hb3FTS09zcEp4X1ZDQklzVzJFclZwbGQ1QXlmam85Z3F2cWZpWlZrS1Q5dGtidThUNmlJdlZScmoyTmtVNHFpV1lYa2ZURHU4S2lOcHlQQUFveUZfLXVlbi1SX3p5WThHeFk0RF96bExVeVlHS1I2cXJNaGk0dm0xcGo4QmZ2T2FLZjJqT2hFbzYyeEJLUXd4ckFzRmhWY0NsVEvSAboBQVVfeXFMUEJxUV9VR1JPbHdsZEh6bE42UGRzRFA4eHdfMHFkYUZyTkJuZmR2NE5IZG9UN1lTaUtOdnNfZVdRWmNWQW5aa0hRM0JlWUZnMHhHQjBxelFGT0FSVVp3aDUya3NHbTRDME9vYjg2SHdCVmxKWDIxZ3hzU3lGX0tmbFBfdmVJZzhGeHo0WFJYdmNtdmVKdlNsUTBQZ3VMcUFlX0dCQWYzUllDVHpuV0t3bS1lRWJCQjJSZzVn?oc=5\" target=\"_blank\" rel=\"nofollow noopener\">\u00abN\u00e3o interessa a divis\u00e3o de votos, demonstra qual o maior clube do Mundo\u00bb<\/a>&nbsp;&nbsp;CNN Portugal<\/li>\n<li><a href=\"https:\/\/news.google.com\/rss\/articles\/CBMi0AFBVV95cUxNaXhBcVExZ3o2Sjktd2xhaklzbmg4N25ia0hoRkhUNW1ucTRjQkpRdzJXUVY4SG9pVmhSa3piMzdCTTcxM1ZEZ3p3YzdEckpXVlVfRGVPX3NmVDN6SzJQMzZnUEhmazh4aGhBT2VfSmd6cURNSGZhY3U4VS1NcHgwSlM4Ym9XSEtJcEQ5QkU4cmVhdTNzTlpnRXFGdDlzbUxpQUdSeDc5eDJReWhaX29MSDFmNDBUS1VvcHVxUGYxNFNsRDJBME9vbmY4VDh0TEJn?oc=5\" target=\"_blank\" rel=\"nofollow noopener\">Cren\u00e7a na ida \u00e0 2.\u00aa volta, quem apostou em Obrador e Mourinho como &#8220;\u00faltimo culpado&#8221;: o que disse Jo\u00e3o Diogo Manteigas<\/a>&nbsp;&nbsp;Record<\/li>\n<\/ol>\n","protected":false},"excerpt":{"rendered":"\u00abMourinho? Sendo s\u00f3cio deve votar e j\u00e1 agora, que vote em mim&#8230;\u00bb&nbsp;&nbsp;Maisfutebol Elei\u00e7\u00f5es do Benfica. Jo\u00e3o Diogo Manteigas:&hellip;\n","protected":false},"author":2,"featured_media":125720,"comment_status":"","ping_status":"","sticky":false,"template":"","format":"standard","meta":{"footnotes":""},"categories":[87],"tags":[51,135,524,19680,1385,46,32,33,47,134],"class_list":{"0":"post-125719","1":"post","2":"type-post","3":"status-publish","4":"format-standard","5":"has-post-thumbnail","7":"category-desporto","8":"tag-benfica","9":"tag-desporto","10":"tag-futebol","11":"tag-joao-diogo-manteigas","12":"tag-jose-mourinho","13":"tag-maisfutebol","14":"tag-portugal","15":"tag-pt","16":"tag-pura-paixao","17":"tag-sports"},"share_on_mastodon":{"url":"https:\/\/pubeurope.com\/@pt\/115434813176711029","error":""},"_links":{"self":[{"href":"https:\/\/www.europesays.com\/pt\/wp-json\/wp\/v2\/posts\/125719","targetHints":{"allow":["GET"]}}],"collection":[{"href":"https:\/\/www.europesays.com\/pt\/wp-json\/wp\/v2\/posts"}],"about":[{"href":"https:\/\/www.europesays.com\/pt\/wp-json\/wp\/v2\/types\/post"}],"author":[{"embeddable":true,"href":"https:\/\/www.europesays.com\/pt\/wp-json\/wp\/v2\/users\/2"}],"replies":[{"embeddable":true,"href":"https:\/\/www.europesays.com\/pt\/wp-json\/wp\/v2\/comments?post=125719"}],"version-history":[{"count":0,"href":"https:\/\/www.europesays.com\/pt\/wp-json\/wp\/v2\/posts\/125719\/revisions"}],"wp:featuredmedia":[{"embeddable":true,"href":"https:\/\/www.europesays.com\/pt\/wp-json\/wp\/v2\/media\/125720"}],"wp:attachment":[{"href":"https:\/\/www.europesays.com\/pt\/wp-json\/wp\/v2\/media?parent=125719"}],"wp:term":[{"taxonomy":"category","embeddable":true,"href":"https:\/\/www.europesays.com\/pt\/wp-json\/wp\/v2\/categories?post=125719"},{"taxonomy":"post_tag","embeddable":true,"href":"https:\/\/www.europesays.com\/pt\/wp-json\/wp\/v2\/tags?post=125719"}],"curies":[{"name":"wp","href":"https:\/\/api.w.org\/{rel}","templated":true}]}}