{"id":125721,"date":"2025-10-25T12:30:07","date_gmt":"2025-10-25T12:30:07","guid":{"rendered":"https:\/\/www.europesays.com\/pt\/125721\/"},"modified":"2025-10-25T12:30:07","modified_gmt":"2025-10-25T12:30:07","slug":"ia-ja-consegue-identificar-depressao-apenas-olhando-para-o-seu-rosto","status":"publish","type":"post","link":"https:\/\/www.europesays.com\/pt\/125721\/","title":{"rendered":"IA j\u00e1 consegue identificar depress\u00e3o apenas olhando para o seu rosto"},"content":{"rendered":"<p>A intelig\u00eancia artificial (IA) tem se tornado uma grande aliada em v\u00e1rios setores, incluindo a sa\u00fade, com an\u00e1lise de diagn\u00f3sticos. Um estudo da Universidade de Waseda mostrou que <strong>a ferramenta j\u00e1 \u00e9 capaz de identificar casos de depress\u00e3o observando as express\u00f5es faciais dos pacientes<\/strong>.<\/p>\n<p>Publicados na revista cient\u00edfica Scientific Reports em agosto deste ano, os resultados mostram que <strong>pessoas com depress\u00e3o subliminar \u2014 quase impercept\u00edvel pelas express\u00f5es faciais \u2014 possuem leves tra\u00e7os expressivos que boa parte das pessoas julga como normais<\/strong>, mas a <a href=\"https:\/\/www.infomoney.com.br\/tudo-sobre\/inteligencia-artificial\" target=\"_blank\" rel=\"noreferrer noopener nofollow\">IA j\u00e1 consegue identificar como poss\u00edvel quadro da doen\u00e7a mental<\/a>.<\/p>\n<p>Segundo a Organiza\u00e7\u00e3o Mundial da Sa\u00fade (OMS), essa doen\u00e7a atinge mais de 300 milh\u00f5es de pessoas e, at\u00e9 2030, a\u00a0<a href=\"https:\/\/www.infomoney.com.br\/tudo-sobre\/depressao\" target=\"_blank\" rel=\"noreferrer noopener nofollow\">depress\u00e3o deve se tornar a doen\u00e7a mais comum do mundo<\/a>, afetando mais do que qualquer outro problema de sa\u00fade, incluindo c\u00e2ncer e doen\u00e7as card\u00edacas.<\/p>\n<p class=\"py-2\">Continua depois da publicidade<\/p>\n<p>        Volunt\u00e1rios vs. IA identificando quadros de depress\u00e3o<\/p>\n<p>O estudo da universidade japonesa pediu para 64 estudantes universit\u00e1rios gravarem v\u00eddeos de autoapresenta\u00e7\u00e3o de 10 segundos para que outros 63 classificassem suas impress\u00f5es sobre os v\u00eddeos. Ao segundo grupo, caberia avaliar se os colegas eram expressivos, naturais, amig\u00e1veis e\/ou simp\u00e1ticos.<\/p>\n<p>Al\u00e9m disso, ambos os grupos completaram o Invent\u00e1rio de Depress\u00e3o de Beck-II (BDI-II), utilizado para a identifica\u00e7\u00e3o de quadros depressivos em estudos cient\u00edficos.<\/p>\n<p>Os resultados mostraram que pessoas caracterizadas com depress\u00e3o pelo BDI-II raramente foram mencionadas pelos estudantes como pouco expressivas ou simp\u00e1ticas.<\/p>\n<p>Ao mesmo tempo, o <strong>sistema de IA OpenFace 2.0, uma ferramenta automatizada de an\u00e1lise facial, fez as mesmas an\u00e1lises<\/strong> dos v\u00eddeos e registrou maior presen\u00e7a e\/ou intensidade de algumas express\u00f5es sutis que estavam ligadas \u00e0 depress\u00e3o.<\/p>\n<p>Algumas delas eram a <a href=\"https:\/\/www.infomoney.com.br\/tudo-sobre\/saude-mental\" target=\"_blank\" rel=\"noreferrer noopener nofollow\">forma como os alunos do v\u00eddeo mexiam as sobrancelhas, p\u00e1lpebras, l\u00e1bios e o n\u00edvel de abertura da boca<\/a>.<\/p>\n<p>Em geral, as descobertas sugerem que a<strong> depress\u00e3o subliminar est\u00e1 associada a altera\u00e7\u00f5es na expressividade facial, particularmente em express\u00f5es positivas<\/strong>, embora n\u00e3o influencie significativamente a forma como os outros percebem essas express\u00f5es.<\/p>\n<p class=\"py-2\">Continua depois da publicidade<\/p>\n<p>No entanto, o estudo destaca que possui v\u00e1rias limita\u00e7\u00f5es, visto que foi realizado sem avalia\u00e7\u00e3o cl\u00ednica dos participantes que comprovasse a depress\u00e3o. Al\u00e9m disso, a especificidade cultural da amostra (graduandos japoneses) pode limitar a generaliza\u00e7\u00e3o para outras sociedades, que podem ter outras normas de expressividade.<\/p>\n<p>Ainda assim, a pesquisa \u00e9 importante para evidenciar a import\u00e2ncia que a IA ter\u00e1 em rela\u00e7\u00e3o a sa\u00fade mental no futuro pr\u00f3ximo.<\/p>\n","protected":false},"excerpt":{"rendered":"A intelig\u00eancia artificial (IA) tem se tornado uma grande aliada em v\u00e1rios setores, incluindo a sa\u00fade, com an\u00e1lise&hellip;\n","protected":false},"author":2,"featured_media":125722,"comment_status":"","ping_status":"","sticky":false,"template":"","format":"standard","meta":{"footnotes":""},"categories":[86],"tags":[1531,116,933,32,33,117,1030],"class_list":{"0":"post-125721","1":"post","2":"type-post","3":"status-publish","4":"format-standard","5":"has-post-thumbnail","7":"category-saude","8":"tag-depressao","9":"tag-health","10":"tag-inteligencia-artificial","11":"tag-portugal","12":"tag-pt","13":"tag-saude","14":"tag-saude-mental"},"share_on_mastodon":{"url":"https:\/\/pubeurope.com\/@pt\/115434817073881275","error":""},"_links":{"self":[{"href":"https:\/\/www.europesays.com\/pt\/wp-json\/wp\/v2\/posts\/125721","targetHints":{"allow":["GET"]}}],"collection":[{"href":"https:\/\/www.europesays.com\/pt\/wp-json\/wp\/v2\/posts"}],"about":[{"href":"https:\/\/www.europesays.com\/pt\/wp-json\/wp\/v2\/types\/post"}],"author":[{"embeddable":true,"href":"https:\/\/www.europesays.com\/pt\/wp-json\/wp\/v2\/users\/2"}],"replies":[{"embeddable":true,"href":"https:\/\/www.europesays.com\/pt\/wp-json\/wp\/v2\/comments?post=125721"}],"version-history":[{"count":0,"href":"https:\/\/www.europesays.com\/pt\/wp-json\/wp\/v2\/posts\/125721\/revisions"}],"wp:featuredmedia":[{"embeddable":true,"href":"https:\/\/www.europesays.com\/pt\/wp-json\/wp\/v2\/media\/125722"}],"wp:attachment":[{"href":"https:\/\/www.europesays.com\/pt\/wp-json\/wp\/v2\/media?parent=125721"}],"wp:term":[{"taxonomy":"category","embeddable":true,"href":"https:\/\/www.europesays.com\/pt\/wp-json\/wp\/v2\/categories?post=125721"},{"taxonomy":"post_tag","embeddable":true,"href":"https:\/\/www.europesays.com\/pt\/wp-json\/wp\/v2\/tags?post=125721"}],"curies":[{"name":"wp","href":"https:\/\/api.w.org\/{rel}","templated":true}]}}