{"id":125725,"date":"2025-10-25T12:34:14","date_gmt":"2025-10-25T12:34:14","guid":{"rendered":"https:\/\/www.europesays.com\/pt\/125725\/"},"modified":"2025-10-25T12:34:14","modified_gmt":"2025-10-25T12:34:14","slug":"argentina-as-legislativas-que-sao-o-tudo-ou-nada-para-milei-observador","status":"publish","type":"post","link":"https:\/\/www.europesays.com\/pt\/125725\/","title":{"rendered":"Argentina. As legislativas que s\u00e3o o tudo ou nada para Milei \u2013 Observador"},"content":{"rendered":"<p>Numa iniciativa mais recente,<strong> Donald Trump est\u00e1 a ponderar aumentar a importa\u00e7\u00e3o de carne de vaca argentina nos Estados Unidos<\/strong>. A medida n\u00e3o est\u00e1 a ser bem recebida pela ind\u00fastria pecu\u00e1ria norte-americana, que teme preju\u00edzos e concorr\u00eancia desleal. Curiosamente, neste assunto, as palavras do Presidente norte-americana acabaram por prejudicar Javier Milei na reta final da campanha das legislativas.<\/p>\n<p>Questionado na segunda-feira a bordo do Air Force One sobre o motivo para os Estados Unidos avan\u00e7arem com a compra de carne bovina da Argentina, o chefe de Estado afirmou que os argentinos \u201cest\u00e3o a lutar pelas suas vidas\u201d. \u201cEles n\u00e3o t\u00eam dinheiro. <strong>Eles est\u00e3o a lutar tanto para sobreviver. Eles est\u00e3o a morrer<\/strong>\u201c, afirmou. As palavras foram usadas como uma arma de arremesso contra a presid\u00eancia, expondo que at\u00e9 o seu principal aliado reconhece as dificuldades econ\u00f3micas que o pa\u00eds atravessa.<\/p>\n<p>Apesar do tom condescendente usado por Donald Trump, Javier Milei ainda pode vender a ideia de que \u00e9 algu\u00e9m pr\u00f3-ativo em busca de solu\u00e7\u00f5es para a Argentina. Em sentido inverso, a oposi\u00e7\u00e3o tem acusado a presid\u00eancia de se submeter aos Estados Unidos. E deseja explorar a reputa\u00e7\u00e3o negativa de Donald Trump na Am\u00e9rica Latina para demonstrar que o apoio financeiro \u00e9 uma forma de chantagem pol\u00edtica.<\/p>\n<blockquote class=\"twitter-tweet\" data-width=\"500\" data-dnt=\"true\">\n<p lang=\"en\" dir=\"ltr\">???? TRUMP: \u201cWE\u2019LL BUY ARGENTINE BEEF.\u201d<\/p>\n<p>Reporters asked what he\u2019d say to U.S. ranchers losing their shirts. His answer? <\/p>\n<p>\u201cArgentina is fighting for its life\u2026 they\u2019re dying.\u201d<\/p>\n<p>Meanwhile, 77 American cattle producers a day are going out of business. <a href=\"https:\/\/t.co\/t0sKhFlQkv\" rel=\"nofollow\">pic.twitter.com\/t0sKhFlQkv<\/a><\/p>\n<p>\u2014 Beef Initiative ???????? BeefMaps.com (@beefinitiative) <a href=\"https:\/\/twitter.com\/beefinitiative\/status\/1980305615433163011?ref_src=twsrc%5Etfw\" rel=\"nofollow noopener\" target=\"_blank\">October 20, 2025<\/a><\/p>\n<\/blockquote>\n<p>Apesar de reconhecer que \u00e9 \u201cbom\u201d para a economia argentina, Luis Schenoni avisa que o<strong> empr\u00e9stimo de 20 mil milh\u00f5es de d\u00f3lares \u00e9 \u201cmau\u201d para a imagem p\u00fablica de Javier Milei<\/strong>, precisamente porque Donald Trump \u201ctem uma reputa\u00e7\u00e3o mais negativa do que positiva\u201d na regi\u00e3o. Ainda que a Argentina n\u00e3o seja um dos pa\u00edses mais anti-americanos no continente, existe alguma apreens\u00e3o de que poder\u00e1 fazer ricochete e prejudicar a campanha para estas legislativas.<\/p>\n<p>No entanto, Schenoni n\u00e3o partilha a opini\u00e3o de que Donald Trump ser\u00e1 um ativo t\u00f3xico nestas legislativas. \u201cNo geral, as <strong>pessoas votam com o bolso<\/strong> e temas como a economia e a seguran\u00e7a s\u00e3o mais importantes do que a pol\u00edtica externa\u201d, argumenta o especialista, que destaca que o \u201cbalan\u00e7o\u201d do empr\u00e9stimo \u201c\u00e9 positivo se alcan\u00e7ar o objetivo esperado de fortalecer o peso\u201d argentino. O eleitor m\u00e9dio argentino deseja manter a estabilidade econ\u00f3mica \u2014 e Javier Milei pode argumentar que tem a solu\u00e7\u00e3o para isso com o empr\u00e9stimo norte-americano.<\/p>\n<p>Se o partido de Javier Milei perder as elei\u00e7\u00f5es ou obter um resultado razo\u00e1vel nestas legislativas, Donald Trump dever\u00e1 retirar o apoio, como j\u00e1 amea\u00e7ou. Essa hip\u00f3tese ainda traria mais complica\u00e7\u00f5es para os pr\u00f3ximos dois anos de mandato do Presidente argentino, que perderia \u2014 talvez de forma definitiva \u2014 o apoio de Washington para avan\u00e7ar com as reformas econ\u00f3micas que prometeu.<\/p>\n<p><script async src=\"https:\/\/platform.twitter.com\/widgets.js\" charset=\"utf-8\"><\/script><\/p>\n","protected":false},"excerpt":{"rendered":"Numa iniciativa mais recente, Donald Trump est\u00e1 a ponderar aumentar a importa\u00e7\u00e3o de carne de vaca argentina nos&hellip;\n","protected":false},"author":2,"featured_media":125726,"comment_status":"","ping_status":"","sticky":false,"template":"","format":"standard","meta":{"footnotes":""},"categories":[50],"tags":[2424,27,28,1077,15,16,14,25,26,21,22,62,12,13,19,20,302,23,24,17,18,29,30,31,63,64,65],"class_list":{"0":"post-125725","1":"post","2":"type-post","3":"status-publish","4":"format-standard","5":"has-post-thumbnail","7":"category-mundo","8":"tag-argentina","9":"tag-breaking-news","10":"tag-breakingnews","11":"tag-eleiu00e7u00f5es","12":"tag-featured-news","13":"tag-featurednews","14":"tag-headlines","15":"tag-latest-news","16":"tag-latestnews","17":"tag-main-news","18":"tag-mainnews","19":"tag-mundo","20":"tag-news","21":"tag-noticias","22":"tag-noticias-principais","23":"tag-noticiasprincipais","24":"tag-polu00edtica","25":"tag-principais-noticias","26":"tag-principaisnoticias","27":"tag-top-stories","28":"tag-topstories","29":"tag-ultimas","30":"tag-ultimas-noticias","31":"tag-ultimasnoticias","32":"tag-world","33":"tag-world-news","34":"tag-worldnews"},"share_on_mastodon":{"url":"https:\/\/pubeurope.com\/@pt\/115434832704205751","error":""},"_links":{"self":[{"href":"https:\/\/www.europesays.com\/pt\/wp-json\/wp\/v2\/posts\/125725","targetHints":{"allow":["GET"]}}],"collection":[{"href":"https:\/\/www.europesays.com\/pt\/wp-json\/wp\/v2\/posts"}],"about":[{"href":"https:\/\/www.europesays.com\/pt\/wp-json\/wp\/v2\/types\/post"}],"author":[{"embeddable":true,"href":"https:\/\/www.europesays.com\/pt\/wp-json\/wp\/v2\/users\/2"}],"replies":[{"embeddable":true,"href":"https:\/\/www.europesays.com\/pt\/wp-json\/wp\/v2\/comments?post=125725"}],"version-history":[{"count":0,"href":"https:\/\/www.europesays.com\/pt\/wp-json\/wp\/v2\/posts\/125725\/revisions"}],"wp:featuredmedia":[{"embeddable":true,"href":"https:\/\/www.europesays.com\/pt\/wp-json\/wp\/v2\/media\/125726"}],"wp:attachment":[{"href":"https:\/\/www.europesays.com\/pt\/wp-json\/wp\/v2\/media?parent=125725"}],"wp:term":[{"taxonomy":"category","embeddable":true,"href":"https:\/\/www.europesays.com\/pt\/wp-json\/wp\/v2\/categories?post=125725"},{"taxonomy":"post_tag","embeddable":true,"href":"https:\/\/www.europesays.com\/pt\/wp-json\/wp\/v2\/tags?post=125725"}],"curies":[{"name":"wp","href":"https:\/\/api.w.org\/{rel}","templated":true}]}}