{"id":125729,"date":"2025-10-25T12:38:25","date_gmt":"2025-10-25T12:38:25","guid":{"rendered":"https:\/\/www.europesays.com\/pt\/125729\/"},"modified":"2025-10-25T12:38:25","modified_gmt":"2025-10-25T12:38:25","slug":"italia-inaugura-rua-em-homenagem-a-eunice-paiva-24-10-2025-voce-viu","status":"publish","type":"post","link":"https:\/\/www.europesays.com\/pt\/125729\/","title":{"rendered":"It\u00e1lia inaugura rua em homenagem a Eunice Paiva &#8211; 24\/10\/2025 &#8211; Voc\u00ea viu?"},"content":{"rendered":"<p>\n<strong class=\"c-signature__location\">Rio de Janeiro<\/strong>\n<\/p>\n<p>Neste s\u00e1bado (25), a cidade de Bari, na It\u00e1lia, inaugura a Via Maria Eunice Facciolla Paiva, rua batizada em homenagem \u00e0 advogada e protagonista do<a href=\"https:\/\/www1.folha.uol.com.br\/ilustrada\/2025\/03\/ainda-estou-aqui-vence-o-oscar-de-melhor-filme-internacional-o-1o-do-brasil.shtml\" rel=\"nofollow noopener\" target=\"\"> vencedor do Oscar de Melhor Filme Internacional de 2025,<\/a> <a href=\"https:\/\/www1.folha.uol.com.br\/folha-topicos\/ainda-estou-aqui\/\" rel=\"nofollow noopener\" target=\"\">&#8220;Ainda Estou Aqui&#8221;. <\/a>Quatro de seus cinco filhos \u2014 Vera, Ana L\u00facia, Maria Beatriz e <a href=\"https:\/\/www1.folha.uol.com.br\/folha-topicos\/marcelo-rubens-paiva\/\" rel=\"nofollow noopener\" target=\"\">Marcelo Rubens Paiva<\/a> \u2014 estar\u00e3o presentes na cerim\u00f4nia.<\/p>\n","protected":false},"excerpt":{"rendered":"Rio de Janeiro Neste s\u00e1bado (25), a cidade de Bari, na It\u00e1lia, inaugura a Via Maria Eunice Facciolla&hellip;\n","protected":false},"author":2,"featured_media":125730,"comment_status":"","ping_status":"","sticky":false,"template":"","format":"standard","meta":{"footnotes":""},"categories":[145],"tags":[4352,219,211,210,470,223,114,115,874,224,225,28849,226,221,220,222,864,28848,32,33,218,228,227],"class_list":{"0":"post-125729","1":"post","2":"type-post","3":"status-publish","4":"format-standard","5":"has-post-thumbnail","7":"category-celebridades","8":"tag-ainda-estou-aqui","9":"tag-bichos","10":"tag-celebridades","11":"tag-celebrities","12":"tag-cinema","13":"tag-colunistas","14":"tag-entertainment","15":"tag-entretenimento","16":"tag-escritor","17":"tag-estranho","18":"tag-eu-amo","19":"tag-eunice-paiva","20":"tag-fofices","21":"tag-horoscopo","22":"tag-humanos","23":"tag-humor","24":"tag-literatura","25":"tag-marcelo-rubens-paiva","26":"tag-portugal","27":"tag-pt","28":"tag-televisao","29":"tag-tudo","30":"tag-videos"},"share_on_mastodon":{"url":"https:\/\/pubeurope.com\/@pt\/115434848382126823","error":""},"_links":{"self":[{"href":"https:\/\/www.europesays.com\/pt\/wp-json\/wp\/v2\/posts\/125729","targetHints":{"allow":["GET"]}}],"collection":[{"href":"https:\/\/www.europesays.com\/pt\/wp-json\/wp\/v2\/posts"}],"about":[{"href":"https:\/\/www.europesays.com\/pt\/wp-json\/wp\/v2\/types\/post"}],"author":[{"embeddable":true,"href":"https:\/\/www.europesays.com\/pt\/wp-json\/wp\/v2\/users\/2"}],"replies":[{"embeddable":true,"href":"https:\/\/www.europesays.com\/pt\/wp-json\/wp\/v2\/comments?post=125729"}],"version-history":[{"count":0,"href":"https:\/\/www.europesays.com\/pt\/wp-json\/wp\/v2\/posts\/125729\/revisions"}],"wp:featuredmedia":[{"embeddable":true,"href":"https:\/\/www.europesays.com\/pt\/wp-json\/wp\/v2\/media\/125730"}],"wp:attachment":[{"href":"https:\/\/www.europesays.com\/pt\/wp-json\/wp\/v2\/media?parent=125729"}],"wp:term":[{"taxonomy":"category","embeddable":true,"href":"https:\/\/www.europesays.com\/pt\/wp-json\/wp\/v2\/categories?post=125729"},{"taxonomy":"post_tag","embeddable":true,"href":"https:\/\/www.europesays.com\/pt\/wp-json\/wp\/v2\/tags?post=125729"}],"curies":[{"name":"wp","href":"https:\/\/api.w.org\/{rel}","templated":true}]}}