{"id":125731,"date":"2025-10-25T12:41:15","date_gmt":"2025-10-25T12:41:15","guid":{"rendered":"https:\/\/www.europesays.com\/pt\/125731\/"},"modified":"2025-10-25T12:41:15","modified_gmt":"2025-10-25T12:41:15","slug":"vera-foi-expulsa-e-ele-apaixonou-se-por-outra-dylan-compara-vera-a-ines-sempre-preferi-loiras-secret-story","status":"publish","type":"post","link":"https:\/\/www.europesays.com\/pt\/125731\/","title":{"rendered":"Vera foi expulsa e ele apaixonou-se por outra? Dylan compara Vera a In\u00eas: \u00abSempre preferi loiras\u00bb &#8211; Secret Story"},"content":{"rendered":"<p>No Secret Story 9, Marisa Susana e Dylan entram em picardias. O concorrente recorda rela\u00e7\u00e3o com Vera e afirma, em tom ir\u00f3nico, que \u00absempre preferiu loiras\u00bb, referindo-se a In\u00eas. Dylan revela ainda tudo aquilo que sente por In\u00eas.<\/p>\n<p><strong>Esta semana cinco concorrentes est\u00e3o em risco de abandonar a casa mais vigiada do Pa\u00eds. Vote para salvar o seu concorrente favorito:<\/strong><\/p>\n<p><strong>BRUNO \u2013 761 20 20 04<br \/>IN\u00caS \u2013 761 20 20 10<br \/>LILIANA \u2013 761 20 20 14<br \/>MARIANA \u2013 761 20 20 15<br \/>RUI \u2013 761 20 20 19<\/strong><\/p>\n<p><a href=\"https:\/\/tvi.iol.pt\/secretstory\/aominuto\" wbo-id=\"33\" rel=\"nofollow noopener\" target=\"_blank\">Acompanhe, ao minuto, tudo o que acontece na casa mais vigiada do Pa\u00eds<\/a><\/p>\n","protected":false},"excerpt":{"rendered":"No Secret Story 9, Marisa Susana e Dylan entram em picardias. O concorrente recorda rela\u00e7\u00e3o com Vera e&hellip;\n","protected":false},"author":2,"featured_media":125732,"comment_status":"","ping_status":"","sticky":false,"template":"","format":"standard","meta":{"footnotes":""},"categories":[142],"tags":[114,115,19033,19034,32,33,151,19032],"class_list":{"0":"post-125731","1":"post","2":"type-post","3":"status-publish","4":"format-standard","5":"has-post-thumbnail","7":"category-tv","8":"tag-entertainment","9":"tag-entretenimento","10":"tag-galas-em-video","11":"tag-melhores-momentos-casa-dos-segredos","12":"tag-portugal","13":"tag-pt","14":"tag-tv","15":"tag-videos-secret-story-tvi"},"share_on_mastodon":{"url":"https:\/\/pubeurope.com\/@pt\/115434860187540043","error":""},"_links":{"self":[{"href":"https:\/\/www.europesays.com\/pt\/wp-json\/wp\/v2\/posts\/125731","targetHints":{"allow":["GET"]}}],"collection":[{"href":"https:\/\/www.europesays.com\/pt\/wp-json\/wp\/v2\/posts"}],"about":[{"href":"https:\/\/www.europesays.com\/pt\/wp-json\/wp\/v2\/types\/post"}],"author":[{"embeddable":true,"href":"https:\/\/www.europesays.com\/pt\/wp-json\/wp\/v2\/users\/2"}],"replies":[{"embeddable":true,"href":"https:\/\/www.europesays.com\/pt\/wp-json\/wp\/v2\/comments?post=125731"}],"version-history":[{"count":0,"href":"https:\/\/www.europesays.com\/pt\/wp-json\/wp\/v2\/posts\/125731\/revisions"}],"wp:featuredmedia":[{"embeddable":true,"href":"https:\/\/www.europesays.com\/pt\/wp-json\/wp\/v2\/media\/125732"}],"wp:attachment":[{"href":"https:\/\/www.europesays.com\/pt\/wp-json\/wp\/v2\/media?parent=125731"}],"wp:term":[{"taxonomy":"category","embeddable":true,"href":"https:\/\/www.europesays.com\/pt\/wp-json\/wp\/v2\/categories?post=125731"},{"taxonomy":"post_tag","embeddable":true,"href":"https:\/\/www.europesays.com\/pt\/wp-json\/wp\/v2\/tags?post=125731"}],"curies":[{"name":"wp","href":"https:\/\/api.w.org\/{rel}","templated":true}]}}