{"id":125747,"date":"2025-10-25T12:58:08","date_gmt":"2025-10-25T12:58:08","guid":{"rendered":"https:\/\/www.europesays.com\/pt\/125747\/"},"modified":"2025-10-25T12:58:08","modified_gmt":"2025-10-25T12:58:08","slug":"sporting-b-x-lusitania-lourosa-maisfutebol","status":"publish","type":"post","link":"https:\/\/www.europesays.com\/pt\/125747\/","title":{"rendered":"Sporting B X Lusit\u00e2nia Lourosa &#8211; Maisfutebol"},"content":{"rendered":"<ol>\n<li><a href=\"https:\/\/news.google.com\/rss\/articles\/CBMiXkFVX3lxTFBNdS1kZldKejd5NEZPM2drUTdKYmszV2RjaDlLT21wUVFSRGs0N3JtZmZMSFplcGJpcFNzNkRHd09NS2x6a1N5alUyRUdld1FwcGE1T0NhbFJNWVh5VFE?oc=5\" target=\"_blank\" rel=\"nofollow noopener\">Sporting B X Lusit\u00e2nia Lourosa<\/a>&nbsp;&nbsp;Maisfutebol<\/li>\n<li><a href=\"https:\/\/news.google.com\/rss\/articles\/CBMiugFBVV95cUxPMmlhWVIwODZtanl2NzZRTXROS0JTS2ZEV3luUVJ4SkxVOVdweDY2ZF81ckpuNm13elhqUlo4cEpWUVAtcGlwY0R4VmlMTVBLODVWZk9tRVdmR1BvbVY3TWs4TEJKUmt3MGZVT0lrLTZ5bURfeFRoUEdZYVRmcXVYOERjZzRyeXZMbmtmQV9FRG5iRm5ha1JkajMxN3JxWWRKLWlwdWJXWTJ6cTgxd1JmRjVxX0dHWGhIUnc?oc=5\" target=\"_blank\" rel=\"nofollow noopener\">Sporting B goleia Lusit\u00e2nia com pol\u00e9mica \u00e0 mistura e \u00e9 l\u00edder isolado<\/a>&nbsp;&nbsp;Not\u00edcias ao Minuto<\/li>\n<li><a href=\"https:\/\/news.google.com\/rss\/articles\/CBMisAFBVV95cUxOdlROV1NaRkE3QXJvREQ0MS1WOGQ4Z3RTZ1BlQ3hTaFZydVlHWk9QMlItMTlhNEpuSHVOai04cXhra0cyMkM2bXRfRmo0ZHBwdms3MnFNWml4NGFYWEl4TXNaZzZSczhLbXNOQnE4bjNvdkNGeFNodjY2Z1M5VHVGOUZmZnROSXFrcGItX1BaNm9LV1NLNlB6Z3BsUGtLMjNVWWZBV19DYURNVUxPV2s0Yw?oc=5\" target=\"_blank\" rel=\"nofollow noopener\">Lourosa reduzido a nove foi presa (muito) f\u00e1cil para o Le\u00e3o l\u00edder<\/a>&nbsp;&nbsp;SAPO<\/li>\n<li><a href=\"https:\/\/news.google.com\/rss\/articles\/CBMifkFVX3lxTE9FX1BhSVNsODk4OVZNUmhrM2Q4ckZjMDZlb1VrUUdYZXZOeDBiVGdZS3M2c3dpa000c0tWLTZ5aDJ4M2dfeXlQMGtiT0tBaDBTdUJzbTFPNnZVcmU2TXZHRzNGamdhd3hBb09BUG8zSEg4UzdQRmx3Y1RrZXU3QQ?oc=5\" target=\"_blank\" rel=\"nofollow noopener\">Leix\u00f5es e Sporting CP B vencem<\/a>&nbsp;&nbsp;FPF<\/li>\n<li><a href=\"https:\/\/news.google.com\/rss\/articles\/CBMivAFBVV95cUxON3VxUzFaTUQ1ZklIaXlrMTFtcHpxblRpQ25pREpRRWt1d0MwalZsN01QRFZtTF9Pb2tNMFktT0M2UXhTajRLTzVFQmZNcDhrVXcwc0FTc1pHOFRQVnZkNG9hbTRUTU44azJqOERTTTBSWWdHaHNTTVAzRTFONWJES1pTaG5DZFBMU2dzbUJ6cWp0YTdXM0dNMFAxc1ZLa2FoNGF3NjE2NG1LQmdLZUlHVmlITzdIU2xOQVdVY9IBwgFBVV95cUxNVnpLRjhHc1Z2bDFacG5oMDZwZlNLZW9kaG4xem9wc1lwOFY3SS1LdFlqNDJkWFM0R1FCZXU3ZlNwNVRxR1lkVlg4c0hrZ01MaEtrZXpGSTNvRVlMVDgxNzBSd090OG5DRDdmQVVrYk04QVpPb19kQkhRSWNUZ18tc1BqUFNZZFZ5aDg4RV9xcFZ4UzJudU9vUW5zczBqSHJDUFozNnVkYnFsQlowQ2FXVTI5TG90MHlkY2NYaktfclNMQQ?oc=5\" target=\"_blank\" rel=\"nofollow noopener\">II Liga: dois expulsos na goleada do Sporting B sobre o Lusit\u00e2nia de Lourosa<\/a>&nbsp;&nbsp;CNN Portugal<\/li>\n<\/ol>\n","protected":false},"excerpt":{"rendered":"Sporting B X Lusit\u00e2nia Lourosa&nbsp;&nbsp;Maisfutebol Sporting B goleia Lusit\u00e2nia com pol\u00e9mica \u00e0 mistura e \u00e9 l\u00edder isolado&nbsp;&nbsp;Not\u00edcias ao&hellip;\n","protected":false},"author":2,"featured_media":23772,"comment_status":"","ping_status":"","sticky":false,"template":"","format":"standard","meta":{"footnotes":""},"categories":[87],"tags":[135,28850,32,33,47,13574,28851,1970,134],"class_list":{"0":"post-125747","1":"post","2":"type-post","3":"status-publish","4":"format-standard","5":"has-post-thumbnail","7":"category-desporto","8":"tag-desporto","9":"tag-lusitania-lourosa","10":"tag-portugal","11":"tag-pt","12":"tag-pura-paixao","13":"tag-segunda-liga","14":"tag-segunda-liga-2025-2026","15":"tag-sporting-b","16":"tag-sports"},"share_on_mastodon":{"url":"https:\/\/pubeurope.com\/@pt\/115434927849175858","error":""},"_links":{"self":[{"href":"https:\/\/www.europesays.com\/pt\/wp-json\/wp\/v2\/posts\/125747","targetHints":{"allow":["GET"]}}],"collection":[{"href":"https:\/\/www.europesays.com\/pt\/wp-json\/wp\/v2\/posts"}],"about":[{"href":"https:\/\/www.europesays.com\/pt\/wp-json\/wp\/v2\/types\/post"}],"author":[{"embeddable":true,"href":"https:\/\/www.europesays.com\/pt\/wp-json\/wp\/v2\/users\/2"}],"replies":[{"embeddable":true,"href":"https:\/\/www.europesays.com\/pt\/wp-json\/wp\/v2\/comments?post=125747"}],"version-history":[{"count":0,"href":"https:\/\/www.europesays.com\/pt\/wp-json\/wp\/v2\/posts\/125747\/revisions"}],"wp:featuredmedia":[{"embeddable":true,"href":"https:\/\/www.europesays.com\/pt\/wp-json\/wp\/v2\/media\/23772"}],"wp:attachment":[{"href":"https:\/\/www.europesays.com\/pt\/wp-json\/wp\/v2\/media?parent=125747"}],"wp:term":[{"taxonomy":"category","embeddable":true,"href":"https:\/\/www.europesays.com\/pt\/wp-json\/wp\/v2\/categories?post=125747"},{"taxonomy":"post_tag","embeddable":true,"href":"https:\/\/www.europesays.com\/pt\/wp-json\/wp\/v2\/tags?post=125747"}],"curies":[{"name":"wp","href":"https:\/\/api.w.org\/{rel}","templated":true}]}}