{"id":125771,"date":"2025-10-25T13:19:08","date_gmt":"2025-10-25T13:19:08","guid":{"rendered":"https:\/\/www.europesays.com\/pt\/125771\/"},"modified":"2025-10-25T13:19:08","modified_gmt":"2025-10-25T13:19:08","slug":"mariana-mortagua-nao-se-recandidata-a-lideranca-do-be-e-reconhece-objectivo-falhado-bloco-de-esquerda","status":"publish","type":"post","link":"https:\/\/www.europesays.com\/pt\/125771\/","title":{"rendered":"Mariana Mort\u00e1gua n\u00e3o se recandidata \u00e0 lideran\u00e7a do BE e reconhece objectivo falhado | Bloco de Esquerda"},"content":{"rendered":"<p>Chega ao fim a lideran\u00e7a de Mariana Mort\u00e1gua no Bloco de Esquerda. A coordenadora do partido enviou uma mensagem aos aderentes a explicar que n\u00e3o se vai recandidatar \u00e0 lideran\u00e7a e justifica ter sido \u201cincapaz de inverter a excessiva centraliza\u00e7\u00e3o da estrutura do Bloco\u201d e de gerar novo \u201cimpulso pol\u00edtico e eleitoral\u201d.<\/p>\n<p>&#8220;A pol\u00edtica, como a vida, somos n\u00f3s e as nossas circunst\u00e2ncias. Nestes dois anos e meio, a precipita\u00e7\u00e3o de sucessivas campanhas eleitorais tirou espa\u00e7o e tempo \u00e0 nossa reflex\u00e3o interna e prejudicou uma transforma\u00e7\u00e3o efectiva do funcionamento do Bloco&#8221;, escreve Mort\u00e1gua, notando que a sua direc\u00e7\u00e3o falhou no objectivo.<\/p>\n<p>Comunicando que n\u00e3o ser\u00e1 recandidata \u00e0 lideran\u00e7a do Bloco de Esquerda, Mort\u00e1gua diz que tomou a decis\u00e3o com tranquilidade e que o faz &#8220;por acreditar que o Bloco beneficiar\u00e1 de ter, na coordena\u00e7\u00e3o e no Parlamento, pessoas com melhores condi\u00e7\u00f5es&#8221; do que aquelas que ela tem para &#8220;dar voz ao partido&#8221;.<\/p>\n<p>Para Mort\u00e1gua, &#8220;a esquerda em geral \u2014 e o Bloco em particular \u2014 atravessa um per\u00edodo dif\u00edcil e n\u00e3o \u00e9 s\u00f3 no nosso pa\u00eds&#8221;, mas termina com uma nota positiva de que &#8220;o Bloco tem a hist\u00f3ria, as ideias, a coer\u00eancia e a milit\u00e2ncia&#8221; para enfrentar estes tempos e &#8220;para surpreender mais uma vez quem se assanha para atacar&#8221;. &#8220;N\u00e3o temos medo e venceremos os novos fascistas e toda a opress\u00e3o com a for\u00e7a da ideia socialista. Serei parte desse caminho, como sou h\u00e1 quase vinte anos&#8221;, termina.<\/p>\n<p>Ainda na tarde deste s\u00e1bado, Mariana Mort\u00e1gua far\u00e1 uma confer\u00eancia de imprensa para explicar de viva voz esta decis\u00e3o. A Conven\u00e7\u00e3o do Bloco de Esquerda que ir\u00e1 eleger uma nova lideran\u00e7a <a href=\"https:\/\/www.publico.pt\/2025\/05\/24\/politica\/noticia\/criticos-direccao-bloco-esquerda-pedem-demissao-mariana-mortagua-2134237\" rel=\"nofollow noopener\" target=\"_blank\">est\u00e1 marcada<\/a> para o fim de Novembro.<\/p>\n","protected":false},"excerpt":{"rendered":"Chega ao fim a lideran\u00e7a de Mariana Mort\u00e1gua no Bloco de Esquerda. A coordenadora do partido enviou uma&hellip;\n","protected":false},"author":2,"featured_media":125772,"comment_status":"","ping_status":"","sticky":false,"template":"","format":"standard","meta":{"footnotes":""},"categories":[8],"tags":[454,27,28,353,15,16,14,25,26,21,22,1737,12,13,19,20,52,32,23,24,33,17,18,29,30,31],"class_list":{"0":"post-125771","1":"post","2":"type-post","3":"status-publish","4":"format-standard","5":"has-post-thumbnail","7":"category-principais-noticias","8":"tag-bloco-de-esquerda","9":"tag-breaking-news","10":"tag-breakingnews","11":"tag-em-destaque","12":"tag-featured-news","13":"tag-featurednews","14":"tag-headlines","15":"tag-latest-news","16":"tag-latestnews","17":"tag-main-news","18":"tag-mainnews","19":"tag-mariana-mortagua","20":"tag-news","21":"tag-noticias","22":"tag-noticias-principais","23":"tag-noticiasprincipais","24":"tag-politica","25":"tag-portugal","26":"tag-principais-noticias","27":"tag-principaisnoticias","28":"tag-pt","29":"tag-top-stories","30":"tag-topstories","31":"tag-ultimas","32":"tag-ultimas-noticias","33":"tag-ultimasnoticias"},"share_on_mastodon":{"url":"https:\/\/pubeurope.com\/@pt\/115435009694578503","error":""},"_links":{"self":[{"href":"https:\/\/www.europesays.com\/pt\/wp-json\/wp\/v2\/posts\/125771","targetHints":{"allow":["GET"]}}],"collection":[{"href":"https:\/\/www.europesays.com\/pt\/wp-json\/wp\/v2\/posts"}],"about":[{"href":"https:\/\/www.europesays.com\/pt\/wp-json\/wp\/v2\/types\/post"}],"author":[{"embeddable":true,"href":"https:\/\/www.europesays.com\/pt\/wp-json\/wp\/v2\/users\/2"}],"replies":[{"embeddable":true,"href":"https:\/\/www.europesays.com\/pt\/wp-json\/wp\/v2\/comments?post=125771"}],"version-history":[{"count":0,"href":"https:\/\/www.europesays.com\/pt\/wp-json\/wp\/v2\/posts\/125771\/revisions"}],"wp:featuredmedia":[{"embeddable":true,"href":"https:\/\/www.europesays.com\/pt\/wp-json\/wp\/v2\/media\/125772"}],"wp:attachment":[{"href":"https:\/\/www.europesays.com\/pt\/wp-json\/wp\/v2\/media?parent=125771"}],"wp:term":[{"taxonomy":"category","embeddable":true,"href":"https:\/\/www.europesays.com\/pt\/wp-json\/wp\/v2\/categories?post=125771"},{"taxonomy":"post_tag","embeddable":true,"href":"https:\/\/www.europesays.com\/pt\/wp-json\/wp\/v2\/tags?post=125771"}],"curies":[{"name":"wp","href":"https:\/\/api.w.org\/{rel}","templated":true}]}}