{"id":125785,"date":"2025-10-25T13:31:14","date_gmt":"2025-10-25T13:31:14","guid":{"rendered":"https:\/\/www.europesays.com\/pt\/125785\/"},"modified":"2025-10-25T13:31:14","modified_gmt":"2025-10-25T13:31:14","slug":"trump-diz-que-agricultura-e-taiwan-sao-temas-a-abordar-com-xi-na-coreia-do-sul","status":"publish","type":"post","link":"https:\/\/www.europesays.com\/pt\/125785\/","title":{"rendered":"Trump diz que agricultura e Taiwan s\u00e3o temas a abordar com Xi na Coreia do Sul"},"content":{"rendered":"<p>&#13;<br \/>\n&#8220;Temos muito que falar com o Presidente Xi, ele tem muito que falar connosco, acho que vamos ter uma boa reuni\u00e3o&#8221;, afirmou Trump aos jornalistas antes de partir para a Mal\u00e1sia, a primeira paragem da uma digress\u00e3o asi\u00e1tica que vai fazer.&#13;\n<\/p>\n<p>&#13;<br \/>\nO governante norte-americano disse que as quest\u00f5es relacionadas com a agricultura est\u00e3o no topo da agenda e que vai &#8220;mencionar Taiwan&#8221;, embora tenha esclarecido que ainda n\u00e3o planeia viajar at\u00e9 \u00e0 ilha.&#13;\n<\/p>\n<p>&#13;<br \/>\nTrump tem vindo a sublinhar o desejo de que a China compre soja norte-americana, depois de o ter deixado de fazer em setembro, como n\u00e3o acontecia h\u00e1 anos. &#13;\n<\/p>\n<p>&#13;<br \/>\nAl\u00e9m disso, o pa\u00eds asi\u00e1tico imp\u00f4s tarifas adicionais sobre as importa\u00e7\u00f5es agr\u00edcolas dos Estados Unidos, em resposta \u00e0s medidas econ\u00f3micas avan\u00e7adas pelo Presidente norte-americano.&#13;\n<\/p>\n<p>&#13;<br \/>\nO encontro entre os dois l\u00edderes, previsto para a pr\u00f3xima semana na Coreia do Sul, vai realizar-se poucos dias antes de entrarem em vigor as novas tarifas importas pelos Estados Unidos \u00e0 China, assim como as medidas de controlo aduaneiro que Xi anunciou anteriormente e que entram em vigor a 1 de novembro.&#13;<\/p>\n","protected":false},"excerpt":{"rendered":"&#13; &#8220;Temos muito que falar com o Presidente Xi, ele tem muito que falar connosco, acho que vamos&hellip;\n","protected":false},"author":2,"featured_media":125786,"comment_status":"","ping_status":"","sticky":false,"template":"","format":"standard","meta":{"footnotes":""},"categories":[50],"tags":[27,28,15,16,14,25,26,21,22,62,12,13,19,20,23,24,420,421,17,18,29,30,31,63,64,65],"class_list":{"0":"post-125785","1":"post","2":"type-post","3":"status-publish","4":"format-standard","5":"has-post-thumbnail","7":"category-mundo","8":"tag-breaking-news","9":"tag-breakingnews","10":"tag-featured-news","11":"tag-featurednews","12":"tag-headlines","13":"tag-latest-news","14":"tag-latestnews","15":"tag-main-news","16":"tag-mainnews","17":"tag-mundo","18":"tag-news","19":"tag-noticias","20":"tag-noticias-principais","21":"tag-noticiasprincipais","22":"tag-principais-noticias","23":"tag-principaisnoticias","24":"tag-rtp","25":"tag-rtp-noticias","26":"tag-top-stories","27":"tag-topstories","28":"tag-ultimas","29":"tag-ultimas-noticias","30":"tag-ultimasnoticias","31":"tag-world","32":"tag-world-news","33":"tag-worldnews"},"share_on_mastodon":{"url":"https:\/\/pubeurope.com\/@pt\/115435056999909014","error":""},"_links":{"self":[{"href":"https:\/\/www.europesays.com\/pt\/wp-json\/wp\/v2\/posts\/125785","targetHints":{"allow":["GET"]}}],"collection":[{"href":"https:\/\/www.europesays.com\/pt\/wp-json\/wp\/v2\/posts"}],"about":[{"href":"https:\/\/www.europesays.com\/pt\/wp-json\/wp\/v2\/types\/post"}],"author":[{"embeddable":true,"href":"https:\/\/www.europesays.com\/pt\/wp-json\/wp\/v2\/users\/2"}],"replies":[{"embeddable":true,"href":"https:\/\/www.europesays.com\/pt\/wp-json\/wp\/v2\/comments?post=125785"}],"version-history":[{"count":0,"href":"https:\/\/www.europesays.com\/pt\/wp-json\/wp\/v2\/posts\/125785\/revisions"}],"wp:featuredmedia":[{"embeddable":true,"href":"https:\/\/www.europesays.com\/pt\/wp-json\/wp\/v2\/media\/125786"}],"wp:attachment":[{"href":"https:\/\/www.europesays.com\/pt\/wp-json\/wp\/v2\/media?parent=125785"}],"wp:term":[{"taxonomy":"category","embeddable":true,"href":"https:\/\/www.europesays.com\/pt\/wp-json\/wp\/v2\/categories?post=125785"},{"taxonomy":"post_tag","embeddable":true,"href":"https:\/\/www.europesays.com\/pt\/wp-json\/wp\/v2\/tags?post=125785"}],"curies":[{"name":"wp","href":"https:\/\/api.w.org\/{rel}","templated":true}]}}