{"id":125803,"date":"2025-10-25T13:47:14","date_gmt":"2025-10-25T13:47:14","guid":{"rendered":"https:\/\/www.europesays.com\/pt\/125803\/"},"modified":"2025-10-25T13:47:14","modified_gmt":"2025-10-25T13:47:14","slug":"mae-que-deixou-bebe-em-leiria-entregou-outro-filho-ha-um-ano-observador","status":"publish","type":"post","link":"https:\/\/www.europesays.com\/pt\/125803\/","title":{"rendered":"M\u00e3e que deixou beb\u00e9 em Leiria entregou outro filho h\u00e1 um ano \u2013 Observador"},"content":{"rendered":"<p>A mulher que <a href=\"https:\/\/observador.pt\/2025\/10\/20\/recem-nascido-abandonado-a-porta-dos-bombeiros-sapadores-de-leiria\/\" target=\"_blank\" rel=\"noopener nofollow\">na passada segunda-feira, 20 de outubro, deixou o filho rec\u00e9m-nascido \u00e0 porta do quartel dos Bombeiros Sapadores de Leiria<\/a>, j\u00e1 tinha entregado outro filho para a ado\u00e7\u00e3o h\u00e1 um ano, <a href=\"https:\/\/www.cmjornal.pt\/portugal\/detalhe\/mulher-que-abandonou-recem-nascido-nos-sapadores-de-leiria-deixou-outro-filho-no-hospital-de-beja\" target=\"_blank\" rel=\"noopener nofollow\">avan\u00e7a o Correio da Manh\u00e3<\/a>.<\/p>\n<p>De acordo com o jornal, h\u00e1 um ano a mulher vivia e trabalhava em Sines, e ter\u00e1 ido ao Hospital de Beja para ter o beb\u00e9. Ainda ter\u00e1 acompanhado o filho nos primeiros dias, mas depois ter\u00e1 deixado o rec\u00e9m-nascido para ser entregue para a ado\u00e7\u00e3o.<\/p>\n<p>A mulher, de nacionalidade brasileira, mudou-se h\u00e1 poucas semanas para Leiria, onde vive num quarto de um apartamento na periferia da cidade.\u00a0Na passada segunda-feira, pelas quatro da manh\u00e3, deixou um rec\u00e9m-nascido \u00e0 porta dos sapadores de Leiria. O beb\u00e9, um menino, estava dentro de um saco de compras com fraldas e leite, e foi encontrado por um bombeiro de servi\u00e7o junto \u00e0 central de comunica\u00e7\u00f5es, revelou fonte oficial da PSP ao Observador. O rec\u00e9m-nascido foi depois levado pelos bombeiros para o Hospital de Leiria, onde se percebeu que teria cerca de 24 horas de vida, estando \u201cest\u00e1vel e a receber tratamento m\u00e9dico\u201d.<\/p>\n<p>A m\u00e3e, de 27 anos, foi identificada pela PSP poucas horas depois e constitu\u00edda arguida por um crime de exposi\u00e7\u00e3o e abandono. De acordo com o CM a mulher ainda visitou o beb\u00e9 no Hospital esta semana. O menino foi entregue pela Seguran\u00e7a Social a uma fam\u00edlia de acolhimento.<\/p>\n<p>                    <strong>Tem um minuto?<\/strong><br \/>O Observador est\u00e1 a realizar junto dos seus leitores um curto estudo de apenas quatro perguntas. <a href=\"https:\/\/observador.typeform.com\/to\/DnJJ0FZQ\" target=\"_blank\" style=\"text-decoration: underline; color:#262626;\" rel=\"nofollow noopener\">Responda aqui<\/a>.<\/p>\n","protected":false},"excerpt":{"rendered":"A mulher que na passada segunda-feira, 20 de outubro, deixou o filho rec\u00e9m-nascido \u00e0 porta do quartel dos&hellip;\n","protected":false},"author":2,"featured_media":125804,"comment_status":"","ping_status":"","sticky":false,"template":"","format":"standard","meta":{"footnotes":""},"categories":[10],"tags":[288,1564,27,28,15,16,14,25,26,5423,21,22,12,13,19,20,57,32,23,24,33,58,17,18,29,30,31],"class_list":{"0":"post-125803","1":"post","2":"type-post","3":"status-publish","4":"format-standard","5":"has-post-thumbnail","7":"category-portugal","8":"tag-alentejo","9":"tag-beja","10":"tag-breaking-news","11":"tag-breakingnews","12":"tag-featured-news","13":"tag-featurednews","14":"tag-headlines","15":"tag-latest-news","16":"tag-latestnews","17":"tag-leiria","18":"tag-main-news","19":"tag-mainnews","20":"tag-news","21":"tag-noticias","22":"tag-noticias-principais","23":"tag-noticiasprincipais","24":"tag-pau00eds","25":"tag-portugal","26":"tag-principais-noticias","27":"tag-principaisnoticias","28":"tag-pt","29":"tag-sociedade","30":"tag-top-stories","31":"tag-topstories","32":"tag-ultimas","33":"tag-ultimas-noticias","34":"tag-ultimasnoticias"},"share_on_mastodon":{"url":"https:\/\/pubeurope.com\/@pt\/115435120208403302","error":""},"_links":{"self":[{"href":"https:\/\/www.europesays.com\/pt\/wp-json\/wp\/v2\/posts\/125803","targetHints":{"allow":["GET"]}}],"collection":[{"href":"https:\/\/www.europesays.com\/pt\/wp-json\/wp\/v2\/posts"}],"about":[{"href":"https:\/\/www.europesays.com\/pt\/wp-json\/wp\/v2\/types\/post"}],"author":[{"embeddable":true,"href":"https:\/\/www.europesays.com\/pt\/wp-json\/wp\/v2\/users\/2"}],"replies":[{"embeddable":true,"href":"https:\/\/www.europesays.com\/pt\/wp-json\/wp\/v2\/comments?post=125803"}],"version-history":[{"count":0,"href":"https:\/\/www.europesays.com\/pt\/wp-json\/wp\/v2\/posts\/125803\/revisions"}],"wp:featuredmedia":[{"embeddable":true,"href":"https:\/\/www.europesays.com\/pt\/wp-json\/wp\/v2\/media\/125804"}],"wp:attachment":[{"href":"https:\/\/www.europesays.com\/pt\/wp-json\/wp\/v2\/media?parent=125803"}],"wp:term":[{"taxonomy":"category","embeddable":true,"href":"https:\/\/www.europesays.com\/pt\/wp-json\/wp\/v2\/categories?post=125803"},{"taxonomy":"post_tag","embeddable":true,"href":"https:\/\/www.europesays.com\/pt\/wp-json\/wp\/v2\/tags?post=125803"}],"curies":[{"name":"wp","href":"https:\/\/api.w.org\/{rel}","templated":true}]}}