{"id":125807,"date":"2025-10-25T13:49:17","date_gmt":"2025-10-25T13:49:17","guid":{"rendered":"https:\/\/www.europesays.com\/pt\/125807\/"},"modified":"2025-10-25T13:49:17","modified_gmt":"2025-10-25T13:49:17","slug":"dave-franco-o-ator-de-hollywood-com-sangue-portugues","status":"publish","type":"post","link":"https:\/\/www.europesays.com\/pt\/125807\/","title":{"rendered":"Dave Franco: o ator de Hollywood com sangue portugu\u00eas"},"content":{"rendered":"<p>Sabias que Dave Franco tem ra\u00edzes portuguesas? O ator de 40 anos \u00e9 1\/4 portugu\u00eas, gra\u00e7as ao av\u00f4 paterno, natural da ilha da Madeira. Apesar de esta heran\u00e7a lusitana estar presente no seu ADN, Dave Franco nunca visitou Portugal &#8211; mas garante que est\u00e1 no topo da sua lista de destinos.\n<\/p>\n<p><strong>&#8220;Este \u00e9 um bom lembrete de que tenho de o fazer acontecer porque toda a gente que conhe\u00e7o que vai l\u00e1 fica obcecada&#8221;<\/strong>, revelou o ator em entrevista \u00e0 Lusa, durante a promo\u00e7\u00e3o do filme &#8220;Sempre Tu&#8221;, baseado num livro de Colleen Hoover.\n<\/p>\n<p>Mesmo sem falar portugu\u00eas, Dave Franco sente uma liga\u00e7\u00e3o especial ao pa\u00eds das suas ra\u00edzes. Entre Hollywood, a fam\u00edlia famosa (\u00e9 irm\u00e3o de James e Tom Franco) e a esposa Alison Brie, parece que Portugal ser\u00e1 o pr\u00f3ximo cap\u00edtulo da sua hist\u00f3ria pessoal. Quem sabe a Madeira n\u00e3o recebe em breve uma visita de uma estrela internacional?<\/p>\n","protected":false},"excerpt":{"rendered":"Sabias que Dave Franco tem ra\u00edzes portuguesas? O ator de 40 anos \u00e9 1\/4 portugu\u00eas, gra\u00e7as ao av\u00f4&hellip;\n","protected":false},"author":2,"featured_media":125808,"comment_status":"","ping_status":"","sticky":false,"template":"","format":"standard","meta":{"footnotes":""},"categories":[145],"tags":[783,778,779,774,764,769,211,210,767,772,782,114,115,784,222,771,773,149,768,777,32,33,766,781,765,763,775,780,776,770],"class_list":{"0":"post-125807","1":"post","2":"type-post","3":"status-publish","4":"format-standard","5":"has-post-thumbnail","7":"category-celebridades","8":"tag-6pm","9":"tag-80s-rfm","10":"tag-80srfm","11":"tag-90s","12":"tag-bruno-mars","13":"tag-cafe-da-manha","14":"tag-celebridades","15":"tag-celebrities","16":"tag-comedia","17":"tag-dance-it","18":"tag-emissao-online","19":"tag-entertainment","20":"tag-entretenimento","21":"tag-fridayboyz","22":"tag-humor","23":"tag-jazzy","24":"tag-latinas","25":"tag-music","26":"tag-nilton","27":"tag-oceano-pacifico","28":"tag-portugal","29":"tag-pt","30":"tag-radio","31":"tag-radio-online","32":"tag-rfm","33":"tag-rock-in-rio","34":"tag-rocks","35":"tag-somnii","36":"tag-toca-portugal","37":"tag-top-25"},"share_on_mastodon":{"url":"https:\/\/pubeurope.com\/@pt\/115435127618274404","error":""},"_links":{"self":[{"href":"https:\/\/www.europesays.com\/pt\/wp-json\/wp\/v2\/posts\/125807","targetHints":{"allow":["GET"]}}],"collection":[{"href":"https:\/\/www.europesays.com\/pt\/wp-json\/wp\/v2\/posts"}],"about":[{"href":"https:\/\/www.europesays.com\/pt\/wp-json\/wp\/v2\/types\/post"}],"author":[{"embeddable":true,"href":"https:\/\/www.europesays.com\/pt\/wp-json\/wp\/v2\/users\/2"}],"replies":[{"embeddable":true,"href":"https:\/\/www.europesays.com\/pt\/wp-json\/wp\/v2\/comments?post=125807"}],"version-history":[{"count":0,"href":"https:\/\/www.europesays.com\/pt\/wp-json\/wp\/v2\/posts\/125807\/revisions"}],"wp:featuredmedia":[{"embeddable":true,"href":"https:\/\/www.europesays.com\/pt\/wp-json\/wp\/v2\/media\/125808"}],"wp:attachment":[{"href":"https:\/\/www.europesays.com\/pt\/wp-json\/wp\/v2\/media?parent=125807"}],"wp:term":[{"taxonomy":"category","embeddable":true,"href":"https:\/\/www.europesays.com\/pt\/wp-json\/wp\/v2\/categories?post=125807"},{"taxonomy":"post_tag","embeddable":true,"href":"https:\/\/www.europesays.com\/pt\/wp-json\/wp\/v2\/tags?post=125807"}],"curies":[{"name":"wp","href":"https:\/\/api.w.org\/{rel}","templated":true}]}}