{"id":125809,"date":"2025-10-25T13:52:15","date_gmt":"2025-10-25T13:52:15","guid":{"rendered":"https:\/\/www.europesays.com\/pt\/125809\/"},"modified":"2025-10-25T13:52:15","modified_gmt":"2025-10-25T13:52:15","slug":"a-tragedia-que-vai-deixar-candinho-entre-a-vida-e-a-morte-em-eta-mundo-melhor","status":"publish","type":"post","link":"https:\/\/www.europesays.com\/pt\/125809\/","title":{"rendered":"A trag\u00e9dia que vai deixar Candinho entre a vida e a morte em \u00cata Mundo Melhor"},"content":{"rendered":"<p data-start=\"209\" data-end=\"650\">Nos pr\u00f3ximos cap\u00edtulos de <a href=\"https:\/\/natelinha.uol.com.br\/novelas\/eta-mundo-melhor\" rel=\"nofollow noopener\" target=\"_blank\">\u00cata Mundo Melhor<\/a>, Candinho (<a href=\"https:\/\/natelinha.uol.com.br\/famosos\/tudo-sobre\/sergio-guize\" rel=\"nofollow noopener\" target=\"_blank\">Sergio Guiz\u00e9<\/a>) ser\u00e1 alvo de um atentado que colocar\u00e1 sua vida em risco. O personagem ficar\u00e1 gravemente ferido em um inc\u00eandio criminoso na f\u00e1brica de biscoitos, epis\u00f3dio que dar\u00e1 in\u00edcio a um novo ciclo de vingan\u00e7a comandado por Sandra (<a href=\"https:\/\/natelinha.uol.com.br\/famosos\/tudo-sobre\/flavia-alessandra\" rel=\"nofollow noopener\" target=\"_blank\">Fl\u00e1via Alessandra<\/a>), tida como morta at\u00e9 ent\u00e3o. O caipira ser\u00e1 resgatado inconsciente e levado ao hospital, deixando familiares e amigos em desespero.<\/p>\n<p data-start=\"652\" data-end=\"1054\">A trag\u00e9dia ocorrer\u00e1 logo ap\u00f3s o protagonista viver um per\u00edodo breve de felicidade ao lado de Dita (<a href=\"https:\/\/natelinha.uol.com.br\/famosos\/tudo-sobre\/jeniffer-nascimento\" rel=\"nofollow noopener\" target=\"_blank\">Jeniffer Nascimento<\/a>). Os dois ter\u00e3o se casado e iniciado uma nova vida juntos, comemorando a uni\u00e3o com as crian\u00e7as do orfanato. Durante a celebra\u00e7\u00e3o, Candinho presentear\u00e1 Samir (Davi Malizia) com uma miniatura do Cristo Redentor, em um gesto simb\u00f3lico que mostrar\u00e1 o carinho que mant\u00e9m pelas crian\u00e7as.<\/p>\n<p data-start=\"1056\" data-end=\"1389\">Em seguida, o casal aproveitar\u00e1 os primeiros dias da lua de mel em clima de tranquilidade. Eles sair\u00e3o para um passeio, com planos de assistir a um filme ap\u00f3s comprar um quindim \u2014 doce preferido da cantora. O momento, por\u00e9m, ser\u00e1 interrompido por Zulma (<a href=\"https:\/\/natelinha.uol.com.br\/famosos\/tudo-sobre\/heloisa-perisse\" rel=\"nofollow noopener\" target=\"_blank\">Heloisa P\u00e9riss\u00e9<\/a>), que atacar\u00e1 Dita de surpresa, provocando um susto no casal.<\/p>\n<p data-start=\"1056\" data-end=\"1389\">+\u00a0<a href=\"https:\/\/natelinha.uol.com.br\/novelas\/2025\/10\/23\/eta-mundo-melhor-candinho-passa-mal-ao-saber-de-sentenca-de-morte-contra-policarpo-232956.php\" target=\"_blank\" rel=\"noopener noreferrer nofollow\">\u00cata Mundo Melhor: Candinho passa mal ao saber de senten\u00e7a de morte contra Policarpo<\/a><\/p>\n<p data-start=\"1391\" data-end=\"1771\">Ap\u00f3s o incidente, Candinho tentar\u00e1 retomar a rotina, mas acabar\u00e1 tendo um novo choque ao se deparar com uma figura que acreditava estar morta. Ele ver\u00e1 Sandra no cemit\u00e9rio, diante do t\u00famulo da pr\u00f3pria m\u00e3e. Sem tempo de reagir, o caipira ser\u00e1 atingido por Ernesto (<a href=\"https:\/\/natelinha.uol.com.br\/famosos\/tudo-sobre\/eriberto-leao\" rel=\"nofollow noopener\" target=\"_blank\">Eriberto Le\u00e3o<\/a>) e desmaiar\u00e1. O golpe impedir\u00e1 que ele confronte a vil\u00e3, que passar\u00e1 a agir sob uma nova identidade.<\/p>\n<p data-start=\"1773\" data-end=\"2156\">Nesse momento da trama, Sandra j\u00e1 ter\u00e1 come\u00e7ado a colocar em pr\u00e1tica um plano de vingan\u00e7a contra o primo. Reaparecendo sob o disfarce de uma baronesa, ela voltar\u00e1 a se aproximar dos neg\u00f3cios de Candinho e iniciar\u00e1 uma s\u00e9rie de sabotagens contra a f\u00e1brica. O objetivo ser\u00e1 destruir tudo o que pertence ao rival e retomar o controle da fortuna que perdeu ap\u00f3s fingir a pr\u00f3pria morte.<\/p>\n<p>Desconfian\u00e7a em \u00cata Mundo Melhor<\/p>\n<p><img decoding=\"async\" loading=\"lazy\" class=\"horizontal\" src=\"https:\/\/www.europesays.com\/pt\/wp-content\/uploads\/2025\/10\/1761400335_298_globo-eta-mundo-melhor-celso-enganado_2385.jpeg\" alt=\"imagem-texto\"\/><\/p>\n<p>continua depois da publicidade<\/p>\n<p data-start=\"2158\" data-end=\"2510\">O ponto mais grave do plano ocorrer\u00e1 quando a f\u00e1brica for incendiada. O fogo tomar\u00e1 o pr\u00e9dio rapidamente, deixando o local completamente destru\u00eddo. Candinho estar\u00e1 dentro do galp\u00e3o no momento do atentado e sofrer\u00e1 queimaduras graves antes de ser resgatado pelos bombeiros. Ele ser\u00e1 levado inconsciente ao hospital, onde ficar\u00e1 entre a vida e a morte.<\/p>\n<p data-start=\"2158\" data-end=\"2510\">+\u00a0<a href=\"https:\/\/natelinha.uol.com.br\/novelas\/2025\/10\/23\/eta-mundo-melhor-estela-reencontra-celso-e-o-trata-com-desprezo-232926.php\" target=\"_blank\" rel=\"noopener noreferrer nofollow\">\u00cata Mundo Melhor: Estela reencontra Celso e o trata com desprezo<\/a><\/p>\n<p data-start=\"2512\" data-end=\"2926\" data-is-last-node=\"\" data-is-only-node=\"\">Enquanto todos se mobilizam para salv\u00e1-lo, Celso (<a href=\"https:\/\/natelinha.uol.com.br\/famosos\/tudo-sobre\/rainer-cadete\" rel=\"nofollow noopener\" target=\"_blank\">Rainer Cadete<\/a>) come\u00e7ar\u00e1 a desconfiar da verdadeira causa do inc\u00eandio. Ele perceber\u00e1 que o atentado pode ter rela\u00e7\u00e3o direta com Sandra, que desapareceu meses antes ap\u00f3s forjar a pr\u00f3pria morte. A suspeita abrir\u00e1 caminho para o retorno definitivo da vil\u00e3 \u00e0 trama, agora sob uma nova identidade e disposta a concluir sua vingan\u00e7a contra Candinho.<\/p>\n","protected":false},"excerpt":{"rendered":"Nos pr\u00f3ximos cap\u00edtulos de \u00cata Mundo Melhor, Candinho (Sergio Guiz\u00e9) ser\u00e1 alvo de um atentado que colocar\u00e1 sua&hellip;\n","protected":false},"author":2,"featured_media":125810,"comment_status":"","ping_status":"","sticky":false,"template":"","format":"standard","meta":{"footnotes":""},"categories":[142],"tags":[3377,114,115,3378,32,33,3381,151],"class_list":{"0":"post-125809","1":"post","2":"type-post","3":"status-publish","4":"format-standard","5":"has-post-thumbnail","7":"category-tv","8":"tag-candinho-eta-mundo-melhor","9":"tag-entertainment","10":"tag-entretenimento","11":"tag-eta-mundo-melhor","12":"tag-portugal","13":"tag-pt","14":"tag-sandra-eta-mundo-melhor","15":"tag-tv"},"share_on_mastodon":{"url":"https:\/\/pubeurope.com\/@pt\/115435139570640766","error":""},"_links":{"self":[{"href":"https:\/\/www.europesays.com\/pt\/wp-json\/wp\/v2\/posts\/125809","targetHints":{"allow":["GET"]}}],"collection":[{"href":"https:\/\/www.europesays.com\/pt\/wp-json\/wp\/v2\/posts"}],"about":[{"href":"https:\/\/www.europesays.com\/pt\/wp-json\/wp\/v2\/types\/post"}],"author":[{"embeddable":true,"href":"https:\/\/www.europesays.com\/pt\/wp-json\/wp\/v2\/users\/2"}],"replies":[{"embeddable":true,"href":"https:\/\/www.europesays.com\/pt\/wp-json\/wp\/v2\/comments?post=125809"}],"version-history":[{"count":0,"href":"https:\/\/www.europesays.com\/pt\/wp-json\/wp\/v2\/posts\/125809\/revisions"}],"wp:featuredmedia":[{"embeddable":true,"href":"https:\/\/www.europesays.com\/pt\/wp-json\/wp\/v2\/media\/125810"}],"wp:attachment":[{"href":"https:\/\/www.europesays.com\/pt\/wp-json\/wp\/v2\/media?parent=125809"}],"wp:term":[{"taxonomy":"category","embeddable":true,"href":"https:\/\/www.europesays.com\/pt\/wp-json\/wp\/v2\/categories?post=125809"},{"taxonomy":"post_tag","embeddable":true,"href":"https:\/\/www.europesays.com\/pt\/wp-json\/wp\/v2\/tags?post=125809"}],"curies":[{"name":"wp","href":"https:\/\/api.w.org\/{rel}","templated":true}]}}