{"id":125811,"date":"2025-10-25T13:54:27","date_gmt":"2025-10-25T13:54:27","guid":{"rendered":"https:\/\/www.europesays.com\/pt\/125811\/"},"modified":"2025-10-25T13:54:27","modified_gmt":"2025-10-25T13:54:27","slug":"terror-drama-e-comedia-tem-estreias-para-todos-os-gostos-nas-plataformas-para-voce-maratonar","status":"publish","type":"post","link":"https:\/\/www.europesays.com\/pt\/125811\/","title":{"rendered":"TERROR, DRAMA E COM\u00c9DIA: t\u00eam estreias para todos os gostos nas plataformas para voc\u00ea maratonar"},"content":{"rendered":"<p>\t\t\t\t\tIt: Bem-vindos a Derry<\/p>\n<p class=\"pp\">        <img decoding=\"async\" loading=\"lazy\" width=\"800\" height=\"500\" class=\"lazy\" alt=\"IT | abc+\" src=\"https:\/\/www.europesays.com\/pt\/wp-content\/uploads\/2025\/10\/1_it-22575336.jpg\" data-width=\"800\" data-height=\"500\" style=\"width: 100%; height: auto;\"\/><br \/>IT<br \/>Foto: Divulga\u00e7\u00e3o<\/p>\n<p class=\"pp\">Situada em Derry, Maine, nos anos 60, a s\u00e9rie explora as origens aterrorizantes de Pennywise (Bill Skarsg\u00e5rd), o palha\u00e7o maligno, d\u00e9cadas antes dos filmes It: A Coisa. A trama acompanha os moradores da cidade enquanto s\u00e3o confrontados por desaparecimentos de crian\u00e7as e eventos inexplic\u00e1veis. Estreia dia 26.<\/p>\n<p>Caramelo<\/p>\n<p class=\"pp\">        <img decoding=\"async\" loading=\"lazy\" width=\"800\" height=\"500\" class=\"lazy\" alt=\"Caramelo | abc+\" src=\"https:\/\/www.europesays.com\/pt\/wp-content\/uploads\/2025\/10\/1_caramelo-22575267.jpg\" data-width=\"800\" data-height=\"500\" style=\"width: 100%; height: auto;\"\/><br \/>Caramelo<br \/>Foto: Divulga\u00e7\u00e3o<\/p>\n<p class=\"pp\">Pedro \u00e9 um chef em ascens\u00e3o (Rafael Vitti) prestes a realizar seu sonho de ter um restaurante, mas um diagn\u00f3stico inesperado muda tudo. Isolado, ele encontra for\u00e7a e afeto no c\u00e3o vira-lata Amendoim, criando com ele uma liga\u00e7\u00e3o que o ajuda a redescobrir a vida.<\/p>\n<p>Dolunay<\/p>\n<p class=\"pp\">        <img decoding=\"async\" loading=\"lazy\" width=\"800\" height=\"500\" class=\"lazy\" alt=\"Dolunay | abc+\" src=\"https:\/\/www.europesays.com\/pt\/wp-content\/uploads\/2025\/10\/1_dolunay-22575282.jpg\" data-width=\"800\" data-height=\"500\" style=\"width: 100%; height: auto;\"\/><br \/>Dolunay<br \/>Foto: Divulga\u00e7\u00e3o<\/p>\n<p class=\"pp\">A novela turca acompanha a hist\u00f3ria de Nazl (\u00d6zge G\u00fcrel), uma estudante de culin\u00e1ria que se torna cozinheira particular do empres\u00e1rio met\u00f3dico Ferit Aslan (Can Yaman). A rela\u00e7\u00e3o profissional evolui para um romance, intensificado pela luta pela guarda do sobrinho.<\/p>\n<p>Nossa culpa<\/p>\n<p class=\"pp\">        <img decoding=\"async\" loading=\"lazy\" width=\"800\" height=\"500\" class=\"lazy\" alt=\"Nossa Culpe | abc+\" src=\"https:\/\/www.europesays.com\/pt\/wp-content\/uploads\/2025\/10\/1_nossa_culpa-22575274.jpg\" data-width=\"800\" data-height=\"500\" style=\"width: 100%; height: auto;\"\/><br \/>Nossa Culpe<br \/>Foto: Divulga\u00e7\u00e3o<\/p>\n<p class=\"pp\">\u00daltimo filme da trilogia, traz o reencontro de Noah (Nicole Wallace) e Nick (Gabriel Guevara) 10 meses ap\u00f3s o t\u00e9rmino. O amor e o ressentimento deles ser\u00e3o testados em meio a segredos familiares e novas amea\u00e7as. O casal precisa decidir se a paix\u00e3o proibida superar\u00e1 o perigo. Minha Culpa e Sua Culpa tamb\u00e9m est\u00e3o dispon\u00edveis.<\/p>\n<p>O \u00f4nibus perdido<\/p>\n<p class=\"pp\">        <img decoding=\"async\" loading=\"lazy\" width=\"800\" height=\"500\" class=\"lazy\" alt=\"O \u00f4nibus perdido | abc+\" src=\"https:\/\/www.europesays.com\/pt\/wp-content\/uploads\/2025\/10\/1_the_lost_bus_photo_0103-22575256.jpg\" data-width=\"800\" data-height=\"500\" style=\"width: 100%; height: auto;\"\/><br \/>O \u00f4nibus perdido<br \/>Foto: Divulga\u00e7\u00e3o<\/p>\n<p class=\"pp\">Baseado em fatos reais, o filme narra a jornada de Kevin McKay (Matthew McConaughey), um motorista, e a professora Mary Ludwig (America Ferrera). Juntos, eles se arriscam para resgatar 22 alunos de um \u00f4nibus escolar preso em meio aos mortais inc\u00eandios florestais em Paradise.<\/p>\n","protected":false},"excerpt":{"rendered":"It: Bem-vindos a Derry ITFoto: Divulga\u00e7\u00e3o Situada em Derry, Maine, nos anos 60, a s\u00e9rie explora as origens&hellip;\n","protected":false},"author":2,"featured_media":125812,"comment_status":"","ping_status":"","sticky":false,"template":"","format":"standard","meta":{"footnotes":""},"categories":[140],"tags":[2285,5375,5373,5370,5374,5376,5368,5371,5369,5372,2633,767,114,115,1042,147,148,3179,1583,146,716,32,1587,33,3939],"class_list":{"0":"post-125811","1":"post","2":"type-post","3":"status-publish","4":"format-standard","5":"has-post-thumbnail","7":"category-filmes","8":"tag-abc","9":"tag-abc-cg","10":"tag-abc-dc","11":"tag-abc-grupo-sinos","12":"tag-abc-jg","13":"tag-abc-jornal-de-gramado","14":"tag-abc-mais","15":"tag-abc-nh","16":"tag-abc-rs","17":"tag-abc-vs","18":"tag-apple-tv","19":"tag-comedia","20":"tag-entertainment","21":"tag-entretenimento","22":"tag-estreias","23":"tag-film","24":"tag-filmes","25":"tag-globoplay","26":"tag-hbo-max","27":"tag-movies","28":"tag-netflix","29":"tag-portugal","30":"tag-prime-video","31":"tag-pt","32":"tag-serie"},"share_on_mastodon":{"url":"https:\/\/pubeurope.com\/@pt\/115435147653660671","error":""},"_links":{"self":[{"href":"https:\/\/www.europesays.com\/pt\/wp-json\/wp\/v2\/posts\/125811","targetHints":{"allow":["GET"]}}],"collection":[{"href":"https:\/\/www.europesays.com\/pt\/wp-json\/wp\/v2\/posts"}],"about":[{"href":"https:\/\/www.europesays.com\/pt\/wp-json\/wp\/v2\/types\/post"}],"author":[{"embeddable":true,"href":"https:\/\/www.europesays.com\/pt\/wp-json\/wp\/v2\/users\/2"}],"replies":[{"embeddable":true,"href":"https:\/\/www.europesays.com\/pt\/wp-json\/wp\/v2\/comments?post=125811"}],"version-history":[{"count":0,"href":"https:\/\/www.europesays.com\/pt\/wp-json\/wp\/v2\/posts\/125811\/revisions"}],"wp:featuredmedia":[{"embeddable":true,"href":"https:\/\/www.europesays.com\/pt\/wp-json\/wp\/v2\/media\/125812"}],"wp:attachment":[{"href":"https:\/\/www.europesays.com\/pt\/wp-json\/wp\/v2\/media?parent=125811"}],"wp:term":[{"taxonomy":"category","embeddable":true,"href":"https:\/\/www.europesays.com\/pt\/wp-json\/wp\/v2\/categories?post=125811"},{"taxonomy":"post_tag","embeddable":true,"href":"https:\/\/www.europesays.com\/pt\/wp-json\/wp\/v2\/tags?post=125811"}],"curies":[{"name":"wp","href":"https:\/\/api.w.org\/{rel}","templated":true}]}}