{"id":125817,"date":"2025-10-25T14:00:14","date_gmt":"2025-10-25T14:00:14","guid":{"rendered":"https:\/\/www.europesays.com\/pt\/125817\/"},"modified":"2025-10-25T14:00:14","modified_gmt":"2025-10-25T14:00:14","slug":"queijo-do-governo-porque-os-eua-tem-600-mil-toneladas-guardadas-em-cavernas","status":"publish","type":"post","link":"https:\/\/www.europesays.com\/pt\/125817\/","title":{"rendered":"&#8220;Queijo do Governo&#8221;. Porque os EUA t\u00eam 600 mil toneladas guardadas em cavernas"},"content":{"rendered":"<p class=\"wp-caption-text top\"><a href=\"https:\/\/commons.wikimedia.org\/wiki\/File:President_Ronald_Reagan_receiving_a_5_pound_block_of_Wisconsin_cheddar_cheese.jpg\" rel=\"nofollow external noopener noreferrer\" data-wpel-link=\"external\" target=\"_blank\" class=\"ext-link\">Reagan White House Photographs \/ Wikipedia<\/a><\/p>\n<p><img decoding=\"async\" loading=\"lazy\" class=\"size-kopa-image-size-3 wp-image-707715\" src=\"https:\/\/www.europesays.com\/pt\/wp-content\/uploads\/2025\/10\/c4ca4238a0b923820dcc509a6f75849b-4-783x450.jpg\" alt=\"\" width=\"700\" height=\"402\"  \/><\/p>\n<p class=\"wp-caption-text bot\">O presidente Ronald Reagan a segurar um bloco de 2 kg de \u201cqueijo do governo\u201d em 1981<\/p>\n<p><strong>Um verdadeiro tesouro de cerca de 635 milh\u00f5es de quilogramas de queijo encontra-se a algumas centenas de metros de profundidade nos Estados Unidos, guardado pelo governo. Mas porqu\u00ea? Bem, a hist\u00f3ria \u00e9 longa.<\/strong><\/p>\n<p>As origens peculiares do chamado \u201cQueijo do Governo\u201d, como lhe chama o <a href=\"https:\/\/www.farmlinkproject.org\/stories-and-features\/cheese-caves-and-food-surpluses-why-the-u-s-government-currently-stores-1-4-billion-lbs-of-cheese\" data-wpel-link=\"external\" target=\"_blank\" rel=\"nofollow external noopener noreferrer\" class=\"ext-link\">Farmlink Project<\/a>, remontam \u00e0 d\u00e9cada de 1970, quando a <strong>escassez de produtos l\u00e1cteos<\/strong> e uma infla\u00e7\u00e3o de 30% nos produtos associados provocaram uma esp\u00e9cie de <strong>corrida ao ouro do queijo<\/strong> por parte do governo americano.<\/p>\n<p>Sob a presid\u00eancia de <strong>Jimmy Carter<\/strong>, os Estados Unidos decidiram que a \u00fanica forma de resolver a quest\u00e3o seria <strong>dar um impulso <\/strong>financeiro \u00e0 ind\u00fastria de latic\u00ednios do pa\u00eds e <strong>estimular a produ\u00e7\u00e3o<\/strong>.<\/p>\n<p>O problema \u00e9 que, como se diz, <strong>quando se pede, recebe-se<\/strong>.<\/p>\n<p>A generosa <strong>inje\u00e7\u00e3o de 2 mil milh\u00f5es de d\u00f3lares<\/strong> em fundos federais funcionou \u2014 talvez at\u00e9 <strong>demasiado bem<\/strong>. Os produtores de leite come\u00e7aram a produzir tanto quanto podiam, confiantes de que <strong>qualquer excesso seria comprado<\/strong> pelo governo norte-americano.<\/p>\n<p>O queijo tornou-se <strong>particularmente interessante por ser mais f\u00e1cil de armazenar<\/strong> e, no in\u00edcio da d\u00e9cada de 1980, o governo viu-se com cerca de <strong>227 milh\u00f5es de kg<\/strong> em excesso, explica o <a href=\"https:\/\/www.iflscience.com\/have-you-heard-about-americas-government-cheese-caves-theyve-got-over-600-million-kilograms-of-the-stuff-stashed-away-81292\" data-wpel-link=\"external\" target=\"_blank\" rel=\"nofollow external noopener noreferrer\" class=\"ext-link\">IFLS<\/a>.<\/p>\n<p>Os grandes excedentes de produtos l\u00e1cteos foram ent\u00e3o armazenados em mais de <strong>150 armaz\u00e9ns distribu\u00eddos por 35 estado<\/strong>s, escreve o antrop\u00f3logo Bradley N. Jones no seu livro \u201c<a href=\"https:\/\/www.oxfordreference.com\/display\/10.1093\/acref\/9780199330881.001.0001\/acref-9780199330881\" data-wpel-link=\"external\" target=\"_blank\" rel=\"nofollow external noopener noreferrer\" class=\"ext-link\">The Oxford Companion to Cheese<\/a>\u201c, e n\u00e3o demorou muito at\u00e9 que a imprensa se deparasse com um esc\u00e2ndalo.<\/p>\n<p>Numa altura em que <strong>muitas fam\u00edlias dependiam de vales-alimenta\u00e7\u00e3o<\/strong>, havia montanhas de <strong>produtos l\u00e1cteos por consumir que come\u00e7avam a estragar-se<\/strong>.<\/p>\n<p>O sabor amargo deixado na boca dos americanos seria, entretanto, atenuado quando o Special Dairy Distribution Program, implementado pelo presidente <strong>Ronald Reagan<\/strong>, distribuiu <strong>14 milh\u00f5es de kg de queijo<\/strong> para organiza\u00e7\u00f5es sem fins lucrativos.<\/p>\n<p>Apesar de grande parte do queijo distribu\u00eddo estar j\u00e1 com bolor, foi entregue a pessoas necessitadas.<\/p>\n<p>A solu\u00e7\u00e3o estava longe de ser ideal, n\u00e3o apenas pela question\u00e1vel aptid\u00e3o do queijo para consumo humano, mas tamb\u00e9m porque come\u00e7ou a <strong>perturbar as vendas<\/strong> da pr\u00f3pria ind\u00fastria que o produzia.<\/p>\n<p>Ainda assim, era, provavelmente, uma solu\u00e7\u00e3o mais sensata do que a sugerida por um funcion\u00e1rio do governo ao <a href=\"https:\/\/www.washingtonpost.com\/archive\/politics\/1981\/12\/05\/cheese-giveaway-churning\/4f3aa750-cf4b-494d-b87a-5a02c94336f5\/\" data-wpel-link=\"external\" target=\"_blank\" rel=\"nofollow external noopener noreferrer\" class=\"ext-link\">The Washington Post<\/a>: \u201cprovavelmente a forma mais barata e pr\u00e1tica seria deit\u00e1-lo ao mar\u201d.<\/p>\n<p>Em vez disso, o queijo tornou-se um <strong>s\u00edmbolo de condi\u00e7\u00e3o socioecon\u00f3mica<\/strong>, \u00e0 medida que <strong>fam\u00edlias sob press\u00e3o financeira<\/strong> aproveitavam os produtos l\u00e1cteos fati\u00e1veis e de f\u00e1cil fus\u00e3o para preparar macarr\u00e3o com queijo ou sandu\u00edches grelhadas.<\/p>\n<p>O governo <strong>s\u00f3 abandonou o neg\u00f3cio do queijo na d\u00e9cada de 1990<\/strong>, mas essa n\u00e3o seria a \u00faltima vez que o queijo seria propriedade estatal.<\/p>\n<p>Em 2016, <strong>o armazenamento de queijo recome\u00e7ou<\/strong>, e o governo acumulou mais de 600 milh\u00f5es de quilogramas de queijo excedente, que est\u00e3o guardados centenas de metros abaixo do solo, <strong>em antigas minas de calc\u00e1rio<\/strong> convertidas em \u201ccavernas de queijo\u201d.<\/p>\n<p>Uma investiga\u00e7\u00e3o do <a href=\"https:\/\/www.snopes.com\/fact-check\/us-stockpile-cheese-missouri-caves\/\" data-wpel-link=\"external\" target=\"_blank\" rel=\"nofollow external noopener noreferrer\" class=\"ext-link\">Snopes<\/a> sobre estas cavernas concluiu que elas realmente <strong>existem, mesmo que n\u00e3o seja totalmente claro onde se encontram<\/strong> exatamente.<\/p>\n<p>Mas h\u00e1 m\u00e9todo nesta loucura: as <strong>temperaturas est\u00e1veis e frescas<\/strong> das cavernas mant\u00eam o queijo em boas condi\u00e7\u00f5es. Embora atrase a degrada\u00e7\u00e3o por algum tempo, as cavernas<strong> exigem manuten\u00e7\u00e3o<\/strong>, e o escoamento do excedente parece ser mais complicado num pa\u00eds onde o consumo de produtos l\u00e1cteos est\u00e1 a cair.<\/p>\n<p>E a <strong>determina\u00e7\u00e3o do Departamento de Agricultura<\/strong> dos Estados Unidos em manter os americanos a consumir queijo<strong> ficou patente em 2010<\/strong>, quando o governo ofereceu uma parte das suas reservas para <strong>salvar a empresa de pizzas Domino\u2019s,<\/strong> ent\u00e3o em dificuldades \u2014 garantindo que o pa\u00eds continuasse a comer queijo.<\/p>\n<p>    <a href=\"https:\/\/zap.aeiou.pt\/subscrever-newsletter\" data-wpel-link=\"internal\" rel=\"nofollow noopener\" target=\"_blank\">&#13;<br \/>\n        <img loading=\"lazy\" decoding=\"async\" class=\"aligncenter size-full wp-image-575475\" src=\"https:\/\/www.europesays.com\/pt\/wp-content\/uploads\/2025\/10\/1759862234_971_2d51fe4a0ba54894421ead1809309ed9-1-450x140.jpg\" alt=\"Subscreva a Newsletter ZAP\" width=\"450\" height=\"140\"\/>&#13;<br \/>\n    <\/a><\/p>\n<p>                <a href=\"https:\/\/whatsapp.com\/channel\/0029VaIC4EE2f3EJZPPSbR34\" data-wpel-link=\"external\" target=\"_blank\" rel=\"nofollow external noopener noreferrer\" class=\"ext-link\">&#13;<br \/>\n                    <img loading=\"lazy\" decoding=\"async\" class=\"aligncenter size-full wp-image-575475\" src=\"https:\/\/www.europesays.com\/pt\/wp-content\/uploads\/2025\/10\/1759862234_512_c68c559d956d4ca20f435ed74a6e71e6.png\" alt=\"Siga-nos no WhatsApp\" width=\"175\" height=\"64\"\/>&#13;<br \/>\n                <\/a><\/p>\n<p>                <a href=\"https:\/\/news.google.com\/publications\/CAAiEHRwZondIV71PDjWNoqMduEqFAgKIhB0cGaJ3SFe9Tw41jaKjHbh?hl=en-US&amp;gl=US&amp;ceid=US%3Aen\" data-wpel-link=\"external\" target=\"_blank\" rel=\"nofollow external noopener noreferrer\" class=\"ext-link\">&#13;<br \/>\n                    <img loading=\"lazy\" decoding=\"async\" class=\"aligncenter size-full wp-image-575475\" src=\"https:\/\/www.europesays.com\/pt\/wp-content\/uploads\/2025\/10\/1759862235_242_5123dd8b087b644fdb8f8603acd1bad4.png\" alt=\"Siga-nos no Google News\" width=\"176\" height=\"64\"\/>&#13;<br \/>\n                <\/a><\/p>\n","protected":false},"excerpt":{"rendered":"Reagan White House Photographs \/ Wikipedia O presidente Ronald Reagan a segurar um bloco de 2 kg de&hellip;\n","protected":false},"author":2,"featured_media":125818,"comment_status":"","ping_status":"","sticky":false,"template":"","format":"standard","meta":{"footnotes":""},"categories":[50],"tags":[2369,27,28,476,413,15,16,14,736,13037,25,26,21,22,62,12,13,19,20,4907,23,24,17,18,29,30,31,63,64,65],"class_list":{"0":"post-125817","1":"post","2":"type-post","3":"status-publish","4":"format-standard","5":"has-post-thumbnail","7":"category-mundo","8":"tag-alimentacao","9":"tag-breaking-news","10":"tag-breakingnews","11":"tag-economia","12":"tag-eua","13":"tag-featured-news","14":"tag-featurednews","15":"tag-headlines","16":"tag-historia","17":"tag-industria-alimentar","18":"tag-latest-news","19":"tag-latestnews","20":"tag-main-news","21":"tag-mainnews","22":"tag-mundo","23":"tag-news","24":"tag-noticias","25":"tag-noticias-principais","26":"tag-noticiasprincipais","27":"tag-pecuaria","28":"tag-principais-noticias","29":"tag-principaisnoticias","30":"tag-top-stories","31":"tag-topstories","32":"tag-ultimas","33":"tag-ultimas-noticias","34":"tag-ultimasnoticias","35":"tag-world","36":"tag-world-news","37":"tag-worldnews"},"share_on_mastodon":{"url":"https:\/\/pubeurope.com\/@pt\/115435171051434342","error":""},"_links":{"self":[{"href":"https:\/\/www.europesays.com\/pt\/wp-json\/wp\/v2\/posts\/125817","targetHints":{"allow":["GET"]}}],"collection":[{"href":"https:\/\/www.europesays.com\/pt\/wp-json\/wp\/v2\/posts"}],"about":[{"href":"https:\/\/www.europesays.com\/pt\/wp-json\/wp\/v2\/types\/post"}],"author":[{"embeddable":true,"href":"https:\/\/www.europesays.com\/pt\/wp-json\/wp\/v2\/users\/2"}],"replies":[{"embeddable":true,"href":"https:\/\/www.europesays.com\/pt\/wp-json\/wp\/v2\/comments?post=125817"}],"version-history":[{"count":0,"href":"https:\/\/www.europesays.com\/pt\/wp-json\/wp\/v2\/posts\/125817\/revisions"}],"wp:featuredmedia":[{"embeddable":true,"href":"https:\/\/www.europesays.com\/pt\/wp-json\/wp\/v2\/media\/125818"}],"wp:attachment":[{"href":"https:\/\/www.europesays.com\/pt\/wp-json\/wp\/v2\/media?parent=125817"}],"wp:term":[{"taxonomy":"category","embeddable":true,"href":"https:\/\/www.europesays.com\/pt\/wp-json\/wp\/v2\/categories?post=125817"},{"taxonomy":"post_tag","embeddable":true,"href":"https:\/\/www.europesays.com\/pt\/wp-json\/wp\/v2\/tags?post=125817"}],"curies":[{"name":"wp","href":"https:\/\/api.w.org\/{rel}","templated":true}]}}