{"id":125819,"date":"2025-10-25T14:02:50","date_gmt":"2025-10-25T14:02:50","guid":{"rendered":"https:\/\/www.europesays.com\/pt\/125819\/"},"modified":"2025-10-25T14:02:50","modified_gmt":"2025-10-25T14:02:50","slug":"chuva-forte-em-viseu-porto-guarda-santarem-lisboa-leiria-castelo-branco-aveiro-coimbra-e-portalegre","status":"publish","type":"post","link":"https:\/\/www.europesays.com\/pt\/125819\/","title":{"rendered":"Chuva forte em Viseu, Porto, Guarda, Santar\u00e9m, Lisboa, Leiria, Castelo Branco, Aveiro, Coimbra e Portalegre"},"content":{"rendered":"<p>\t                Estado do tempo em Portugal continental, em especial as regi\u00f5es do norte e centro, est\u00e1 a ser afetado pelos efeitos da depress\u00e3o Benjamim<\/p>\n<p>Dez distritos de Portugal continental v\u00e3o estar no s\u00e1bado sob aviso amarelo devido \u00e0 previs\u00e3o de chuva forte, segundo o Instituto Portugu\u00eas do Mar e da Atmosfera (IPMA).<\/p>\n<p>Os distritos de Viseu, Porto, Guarda, Santar\u00e9m, Lisboa, Leiria, Castelo Branco, Aveiro, Coimbra e Portalegre v\u00e3o estar sob aviso entre as 00:00 e as 15:00 de s\u00e1bado por causa da chuva forte.<\/p>\n<p>O aviso amarelo, o menos grave de uma escala de tr\u00eas, \u00e9 emitido sempre que existe uma situa\u00e7\u00e3o de risco para determinadas atividades dependentes da situa\u00e7\u00e3o meteorol\u00f3gica.<\/p>\n<p>O estado do tempo em Portugal continental, em especial as regi\u00f5es do norte e centro, est\u00e1 a ser afetado pelos efeitos da depress\u00e3o Benjamim.<\/p>\n<p>Segundo o IPMA, a precipita\u00e7\u00e3o ir\u00e1 ser por vezes forte, em especial no Minho e Douro Litoral, sendo fraca na regi\u00e3o sul.<\/p>\n<p>\u201cNos pr\u00f3ximos dias, o estado do tempo no continente continuar\u00e1 a ser caracterizado por um fluxo do quadrante oeste, com transporte de uma massa de ar com conte\u00fado elevado em vapor de \u00e1gua, o que ir\u00e1 originar precipita\u00e7\u00e3o forte e persistente, em especial no per\u00edodo compreendido entre sexta-feira, dia 24, e s\u00e1bado, dia 25\u201d, indicou o IPMA.<\/p>\n<p>A regi\u00e3o Centro \u00e9 a que tem maior probabilidade de registar acumulados de precipita\u00e7\u00e3o mais elevados neste per\u00edodo, com valores entre 50 e 100 mil\u00edmetros, uma situa\u00e7\u00e3o que pode estender-se \u00e0 regi\u00e3o Norte.<\/p>\n<p>No domingo, prev\u00ea-se um desagravamento das condi\u00e7\u00f5es meteorol\u00f3gicas nas regi\u00f5es do norte e do centro, mas com o sistema frontal a deslocar-se para sul, onde a precipita\u00e7\u00e3o poder\u00e1 ser temporariamente mais intensa at\u00e9 ao in\u00edcio da tarde.<\/p>\n","protected":false},"excerpt":{"rendered":"Estado do tempo em Portugal continental, em especial as regi\u00f5es do norte e centro, est\u00e1 a ser afetado&hellip;\n","protected":false},"author":2,"featured_media":84566,"comment_status":"","ping_status":"","sticky":false,"template":"","format":"standard","meta":{"footnotes":""},"categories":[10],"tags":[609,836,611,4114,27,28,2139,21878,607,608,333,832,604,28855,135,610,476,15,16,301,830,14,350,603,25,26,570,21,22,831,833,62,834,12,13,19,20,835,602,52,32,23,24,33,17,18,29,30,31],"class_list":{"0":"post-125819","1":"post","2":"type-post","3":"status-publish","4":"format-standard","5":"has-post-thumbnail","7":"category-portugal","8":"tag-alerta","9":"tag-analise","10":"tag-ao-minuto","11":"tag-aviso-amarelo","12":"tag-breaking-news","13":"tag-breakingnews","14":"tag-chuva","15":"tag-chuva-forte","16":"tag-cnn","17":"tag-cnn-portugal","18":"tag-comentadores","19":"tag-costa","20":"tag-crime","21":"tag-depressao-benjamim","22":"tag-desporto","23":"tag-direto","24":"tag-economia","25":"tag-featured-news","26":"tag-featurednews","27":"tag-governo","28":"tag-guerra","29":"tag-headlines","30":"tag-ipma","31":"tag-justica","32":"tag-latest-news","33":"tag-latestnews","34":"tag-live","35":"tag-main-news","36":"tag-mainnews","37":"tag-mais-vistas","38":"tag-marcelo","39":"tag-mundo","40":"tag-negocios","41":"tag-news","42":"tag-noticias","43":"tag-noticias-principais","44":"tag-noticiasprincipais","45":"tag-opiniao","46":"tag-pais","47":"tag-politica","48":"tag-portugal","49":"tag-principais-noticias","50":"tag-principaisnoticias","51":"tag-pt","52":"tag-top-stories","53":"tag-topstories","54":"tag-ultimas","55":"tag-ultimas-noticias","56":"tag-ultimasnoticias"},"share_on_mastodon":{"url":"","error":"Validation failed: Text character limit of 500 exceeded"},"_links":{"self":[{"href":"https:\/\/www.europesays.com\/pt\/wp-json\/wp\/v2\/posts\/125819","targetHints":{"allow":["GET"]}}],"collection":[{"href":"https:\/\/www.europesays.com\/pt\/wp-json\/wp\/v2\/posts"}],"about":[{"href":"https:\/\/www.europesays.com\/pt\/wp-json\/wp\/v2\/types\/post"}],"author":[{"embeddable":true,"href":"https:\/\/www.europesays.com\/pt\/wp-json\/wp\/v2\/users\/2"}],"replies":[{"embeddable":true,"href":"https:\/\/www.europesays.com\/pt\/wp-json\/wp\/v2\/comments?post=125819"}],"version-history":[{"count":0,"href":"https:\/\/www.europesays.com\/pt\/wp-json\/wp\/v2\/posts\/125819\/revisions"}],"wp:featuredmedia":[{"embeddable":true,"href":"https:\/\/www.europesays.com\/pt\/wp-json\/wp\/v2\/media\/84566"}],"wp:attachment":[{"href":"https:\/\/www.europesays.com\/pt\/wp-json\/wp\/v2\/media?parent=125819"}],"wp:term":[{"taxonomy":"category","embeddable":true,"href":"https:\/\/www.europesays.com\/pt\/wp-json\/wp\/v2\/categories?post=125819"},{"taxonomy":"post_tag","embeddable":true,"href":"https:\/\/www.europesays.com\/pt\/wp-json\/wp\/v2\/tags?post=125819"}],"curies":[{"name":"wp","href":"https:\/\/api.w.org\/{rel}","templated":true}]}}