{"id":125823,"date":"2025-10-25T14:07:21","date_gmt":"2025-10-25T14:07:21","guid":{"rendered":"https:\/\/www.europesays.com\/pt\/125823\/"},"modified":"2025-10-25T14:07:21","modified_gmt":"2025-10-25T14:07:21","slug":"casa-dos-segredos-e-se-entrasse-sem-liliana-este-seria-o-segredo-de-ze","status":"publish","type":"post","link":"https:\/\/www.europesays.com\/pt\/125823\/","title":{"rendered":"Casa dos Segredos &#8211; E se entrasse sem Liliana? Este seria o segredo de Z\u00e9!"},"content":{"rendered":"<p>Depois de (quase) um m\u00eas desde o fim do noivado com <strong>Liliana, Z\u00e9<\/strong> aceitou voltar ao pequeno ecr\u00e3 e concedeu uma entrevista a <strong>Cristina Ferreira<\/strong> e <strong>Cl\u00e1udio Ramos<\/strong> no <strong>Dois \u00e0s 10<\/strong>.<\/p>\n<p>No mesmo dia, 23 de outubro, o ex-noivo deu a conhecer mais um pouco de si numa conversa com a rep\u00f3rter <strong>Joana Sequeira<\/strong>\u00a0para o <strong>Digital da TVI<\/strong>. E a primeira confiss\u00e3o que fez foi\u2026 <strong>o segredo que levaria para a Casa dos Segredos<\/strong>.<\/p>\n<blockquote>\n<p><strong>Leia tamb\u00e9m: <\/strong><a href=\"https:\/\/www.novagente.pt\/cristina-ferreira-frente-frente-apresentadora-confronta-ze-apos-duras-acusacoes\" rel=\"nofollow noopener\" target=\"_blank\">Frente a frente! Cristina Ferreira confronta Z\u00e9 ap\u00f3s duras acusa\u00e7\u00f5es\u00a0\u00e0 apresentadora<\/a><\/p>\n<\/blockquote>\n<p><strong>\u201cProvavelmente, seria o facto de eu ter estado na casa do Neymar no Brasil, quando estivemos l\u00e1 a morar\u201d<\/strong>, revelou divertido.<\/p>\n<p>Esta resposta deixou muitos seguidores surpresos e a pedir por mais pormenores dessa hist\u00f3ria.<\/p>\n<p>Recorde-se que Liliana revelou que, caso Z\u00e9 tivesse entrado no reality show, o segredo dos dois seria \u201csomos um casal verdadeiro\u201d.<\/p>\n<p>\u00a0<\/p>\n<p>Texto: Carolina Charrua; Fotos: Redes sociais<\/p>\n<p class=\"intagram-text\">Siga a Nova Gente no Instagram<\/p>\n<p>                        <a href=\"https:\/\/www.instagram.com\/revistanovagente\/\" target=\"_blank\" aria-label=\"instagram\" rel=\"noopener nofollow\"><img decoding=\"async\" style=\"display: block; margin-left: auto; margin-right: auto; width: 250px; height: 83px;\" src=\"https:\/\/www.europesays.com\/pt\/wp-content\/uploads\/2025\/10\/Instagram_NG.png\" alt=\"instagram\"\/><\/a><br \/>\n                    <script async src=\"\/\/www.instagram.com\/embed.js\"><\/script><\/p>\n","protected":false},"excerpt":{"rendered":"Depois de (quase) um m\u00eas desde o fim do noivado com Liliana, Z\u00e9 aceitou voltar ao pequeno ecr\u00e3&hellip;\n","protected":false},"author":2,"featured_media":125824,"comment_status":"","ping_status":"","sticky":false,"template":"","format":"standard","meta":{"footnotes":""},"categories":[142],"tags":[2632,801,114,115,19016,32,33,1315,7958,151,162,975],"class_list":{"0":"post-125823","1":"post","2":"type-post","3":"status-publish","4":"format-standard","5":"has-post-thumbnail","7":"category-tv","8":"tag-casa-dos-segredos","9":"tag-dois-as-10","10":"tag-entertainment","11":"tag-entretenimento","12":"tag-liliana","13":"tag-portugal","14":"tag-pt","15":"tag-secret-story","16":"tag-segredo","17":"tag-tv","18":"tag-tvi","19":"tag-ze"},"share_on_mastodon":{"url":"https:\/\/pubeurope.com\/@pt\/115435198567833628","error":""},"_links":{"self":[{"href":"https:\/\/www.europesays.com\/pt\/wp-json\/wp\/v2\/posts\/125823","targetHints":{"allow":["GET"]}}],"collection":[{"href":"https:\/\/www.europesays.com\/pt\/wp-json\/wp\/v2\/posts"}],"about":[{"href":"https:\/\/www.europesays.com\/pt\/wp-json\/wp\/v2\/types\/post"}],"author":[{"embeddable":true,"href":"https:\/\/www.europesays.com\/pt\/wp-json\/wp\/v2\/users\/2"}],"replies":[{"embeddable":true,"href":"https:\/\/www.europesays.com\/pt\/wp-json\/wp\/v2\/comments?post=125823"}],"version-history":[{"count":0,"href":"https:\/\/www.europesays.com\/pt\/wp-json\/wp\/v2\/posts\/125823\/revisions"}],"wp:featuredmedia":[{"embeddable":true,"href":"https:\/\/www.europesays.com\/pt\/wp-json\/wp\/v2\/media\/125824"}],"wp:attachment":[{"href":"https:\/\/www.europesays.com\/pt\/wp-json\/wp\/v2\/media?parent=125823"}],"wp:term":[{"taxonomy":"category","embeddable":true,"href":"https:\/\/www.europesays.com\/pt\/wp-json\/wp\/v2\/categories?post=125823"},{"taxonomy":"post_tag","embeddable":true,"href":"https:\/\/www.europesays.com\/pt\/wp-json\/wp\/v2\/tags?post=125823"}],"curies":[{"name":"wp","href":"https:\/\/api.w.org\/{rel}","templated":true}]}}