{"id":125839,"date":"2025-10-25T14:21:23","date_gmt":"2025-10-25T14:21:23","guid":{"rendered":"https:\/\/www.europesays.com\/pt\/125839\/"},"modified":"2025-10-25T14:21:23","modified_gmt":"2025-10-25T14:21:23","slug":"casa-dos-segredos-apos-ser-expulsa-por-agredir-dylan-vera-recebe-grande-noticia-da-tvi","status":"publish","type":"post","link":"https:\/\/www.europesays.com\/pt\/125839\/","title":{"rendered":"Casa dos Segredos &#8211; Ap\u00f3s ser expulsa por agredir Dylan, Vera recebe grande not\u00edcia da TVI"},"content":{"rendered":"<p>A partir de agora, a presen\u00e7a de <strong>Vera <\/strong>ser\u00e1 notada pelos telespectadores!<\/p>\n<p>A ex-concorrente da <strong>Casa dos Segredos<\/strong> foi convidada a comentar o programa, todas as quinta-feiras, no <strong>\u00daltima Hora<\/strong> e <strong>Di\u00e1rio<\/strong>.<\/p>\n<blockquote>\n<p>Leia mais: Casa dos Segredos &#8211;\u00a0<a href=\"https:\/\/www.novagente.pt\/casa-dos-segredos-acertou-rui-desvenda-segredo-de-bruna\" rel=\"nofollow noopener\" target=\"_blank\">Acertou! Rui desvenda segredo de Bruna<\/a><\/p>\n<\/blockquote>\n<p>Esta boa not\u00edcia veio logo ap\u00f3s a expuls\u00e3o de Vera\u00a0do reality show por ter agredido <strong>Dylan<\/strong> com quatro chapadas.<\/p>\n<p><strong>&#8220;Liguem as televis\u00f5es e sentem-se no sof\u00e1&#8221;<\/strong>, escreveu a assistente dent\u00e1ria nas stories do Instagram.<\/p>\n<p>Vera agride Dylan<\/p>\n<p>Texto: Lu\u00eds Sigorro; Fotos: Redes sociais<\/p>\n<p class=\"intagram-text\">Siga a Nova Gente no Instagram<\/p>\n<p>                        <a href=\"https:\/\/www.instagram.com\/revistanovagente\/\" target=\"_blank\" aria-label=\"instagram\" rel=\"noopener nofollow\"><img decoding=\"async\" style=\"display: block; margin-left: auto; margin-right: auto; width: 250px; height: 83px;\" src=\"https:\/\/www.europesays.com\/pt\/wp-content\/uploads\/2025\/10\/Instagram_NG.png\" alt=\"instagram\"\/><\/a><br \/>\n                    <script async src=\"\/\/www.instagram.com\/embed.js\"><\/script><\/p>\n","protected":false},"excerpt":{"rendered":"A partir de agora, a presen\u00e7a de Vera ser\u00e1 notada pelos telespectadores! A ex-concorrente da Casa dos Segredos&hellip;\n","protected":false},"author":2,"featured_media":125840,"comment_status":"","ping_status":"","sticky":false,"template":"","format":"standard","meta":{"footnotes":""},"categories":[142],"tags":[2632,19105,114,115,32,33,151,11841],"class_list":{"0":"post-125839","1":"post","2":"type-post","3":"status-publish","4":"format-standard","5":"has-post-thumbnail","7":"category-tv","8":"tag-casa-dos-segredos","9":"tag-dylan","10":"tag-entertainment","11":"tag-entretenimento","12":"tag-portugal","13":"tag-pt","14":"tag-tv","15":"tag-vera"},"share_on_mastodon":{"url":"https:\/\/pubeurope.com\/@pt\/115435253616514707","error":""},"_links":{"self":[{"href":"https:\/\/www.europesays.com\/pt\/wp-json\/wp\/v2\/posts\/125839","targetHints":{"allow":["GET"]}}],"collection":[{"href":"https:\/\/www.europesays.com\/pt\/wp-json\/wp\/v2\/posts"}],"about":[{"href":"https:\/\/www.europesays.com\/pt\/wp-json\/wp\/v2\/types\/post"}],"author":[{"embeddable":true,"href":"https:\/\/www.europesays.com\/pt\/wp-json\/wp\/v2\/users\/2"}],"replies":[{"embeddable":true,"href":"https:\/\/www.europesays.com\/pt\/wp-json\/wp\/v2\/comments?post=125839"}],"version-history":[{"count":0,"href":"https:\/\/www.europesays.com\/pt\/wp-json\/wp\/v2\/posts\/125839\/revisions"}],"wp:featuredmedia":[{"embeddable":true,"href":"https:\/\/www.europesays.com\/pt\/wp-json\/wp\/v2\/media\/125840"}],"wp:attachment":[{"href":"https:\/\/www.europesays.com\/pt\/wp-json\/wp\/v2\/media?parent=125839"}],"wp:term":[{"taxonomy":"category","embeddable":true,"href":"https:\/\/www.europesays.com\/pt\/wp-json\/wp\/v2\/categories?post=125839"},{"taxonomy":"post_tag","embeddable":true,"href":"https:\/\/www.europesays.com\/pt\/wp-json\/wp\/v2\/tags?post=125839"}],"curies":[{"name":"wp","href":"https:\/\/api.w.org\/{rel}","templated":true}]}}