{"id":125854,"date":"2025-10-25T14:40:15","date_gmt":"2025-10-25T14:40:15","guid":{"rendered":"https:\/\/www.europesays.com\/pt\/125854\/"},"modified":"2025-10-25T14:40:15","modified_gmt":"2025-10-25T14:40:15","slug":"se-nao-fosse-voce-e-drama-perfeito-para-emocionados-mas-tropeca-em-cenas-de-vergonha-alheia-r7-entretenimento","status":"publish","type":"post","link":"https:\/\/www.europesays.com\/pt\/125854\/","title":{"rendered":"\u2018Se N\u00e3o Fosse Voc\u00ea\u2019 \u00e9 drama perfeito para emocionados, mas trope\u00e7a em cenas de vergonha alheia \u2013 R7 Entretenimento"},"content":{"rendered":"<p><img decoding=\"async\" data-chromatic=\"ignore\" alt=\"\" class=\"c-image\" loading=\"lazy\" src=\"https:\/\/www.europesays.com\/pt\/wp-content\/uploads\/2025\/10\/QERMNI6ZBRCQFKR56W76D5VAR4.png\"  width=\"1920\" height=\"1080\"\/>Segunda adapta\u00e7\u00e3o liter\u00e1ria de Colleen leva dire\u00e7\u00e3o de Josh Boone Divulga\u00e7\u00e3o\/Paramount Pictures <\/p>\n<p class=\"jarvics:base-text-neutral-high-400 base-text-[calc(theme(fontSize.xs)_*_var(--font-size,_1))] base-font-normal base-font-primary base-text-neutral-low-500 base-text-left\">Depois do turbilh\u00e3o de pol\u00eamicas que cercou o filme e elenco de <a href=\"https:\/\/entretenimento.r7.com\/prisma\/keila-jimenez\/video\/entenda-as-acusacoes-de-blake-lively-contra-justin-baldoni-apos-o-filme-e-assim-que-acaba-28122024\/\" target=\"_self\" rel=\"nofollow noopener\" title=\"https:\/\/entretenimento.r7.com\/prisma\/keila-jimenez\/video\/entenda-as-acusacoes-de-blake-lively-contra-justin-baldoni-apos-o-filme-e-assim-que-acaba-28122024\/\">\u00c9 Assim que Acaba<\/a>, Se N\u00e3o Fosse Voc\u00ea chegou aos cinemas nesta quinta-feira (23), com a delicada miss\u00e3o de devolver credibilidade \u00e0s adapta\u00e7\u00f5es liter\u00e1rias de <a href=\"https:\/\/entretenimento.r7.com\/prisma\/estante-da-vivi\/entenda-por-que-colleen-hoover-bombou-em-2023-e-virou-queridinha-dos-brasileiros-17012024\/\" target=\"_self\" rel=\"nofollow noopener\" title=\"https:\/\/entretenimento.r7.com\/prisma\/estante-da-vivi\/entenda-por-que-colleen-hoover-bombou-em-2023-e-virou-queridinha-dos-brasileiros-17012024\/\">Colleen Hoover<\/a> e, ao mesmo tempo, preparar terreno para o aguardado lan\u00e7amento de <a href=\"https:\/\/entretenimento.r7.com\/cinema\/o-vicio\/verity-com-anne-hathaway-ganha-data-de-estreia-25032025\/\" target=\"_self\" rel=\"nofollow noopener\" title=\"https:\/\/entretenimento.r7.com\/cinema\/o-vicio\/verity-com-anne-hathaway-ganha-data-de-estreia-25032025\/\">Verity<\/a>.<\/p>\n<p class=\"jarvics:base-text-neutral-high-400 base-text-[calc(theme(fontSize.xs)_*_var(--font-size,_1))] base-font-normal base-font-primary base-text-neutral-low-500 base-text-left\">A expectativa por grandes emo\u00e7\u00f5es j\u00e1 era alta. Afinal, a autora construiu sua fama ao transformar dramas familiares e traumas pessoais em hist\u00f3rias intensas, e agora essa sensibilidade ganhou vida sob a dire\u00e7\u00e3o de Josh Boone, o mesmo de <a href=\"https:\/\/entretenimento.r7.com\/cinema\/veja-7-motivos-para-assistir-a-culpa-e-das-estrelas-e-levar-um-lencinho-01042023\/\" target=\"_self\" rel=\"nofollow noopener\" title=\"https:\/\/entretenimento.r7.com\/cinema\/veja-7-motivos-para-assistir-a-culpa-e-das-estrelas-e-levar-um-lencinho-01042023\/\">A Culpa das Estrelas<\/a>.<\/p>\n<p class=\"jarvics:base-text-neutral-high-400 base-text-[calc(theme(fontSize.xs)_*_var(--font-size,_1))] base-font-normal base-font-primary base-text-neutral-low-500 base-text-left\">Na trama, acompanhamos Morgan (<a href=\"https:\/\/entretenimento.r7.com\/prisma\/cinema-de-segunda\/m3gan-vai-ganhar-spin-off-com-historia-para-maiores-vem-ai-soulm8te-23062024\/\" target=\"_self\" rel=\"nofollow noopener\" title=\"https:\/\/entretenimento.r7.com\/prisma\/cinema-de-segunda\/m3gan-vai-ganhar-spin-off-com-historia-para-maiores-vem-ai-soulm8te-23062024\/\">Allison Williams<\/a>), que precisou amadurecer cedo ao engravidar da filha, Clara (McKenna Grace). Depois da morte do marido e da irm\u00e3, as duas precisam aprender a lidar com o luto e verdades que insistem em revisitar o passado. Entre lembran\u00e7as, recome\u00e7os e algumas escolhas cafonas na filmagem, o longa consegue comover os mais sens\u00edveis.<\/p>\n<p class=\"jarvics:base-text-neutral-high-400 base-text-[calc(theme(fontSize.xs)_*_var(--font-size,_1))] base-font-normal base-font-primary base-text-neutral-low-500 base-text-left\">De in\u00edcio, a rela\u00e7\u00e3o da dupla traz um frescor \u00e0 la Lorelai e Rory, de <a href=\"https:\/\/entretenimento.r7.com\/pop\/fotos\/elas-estao-de-volta-confira-as-primeiras-fotos-da-nova-temporada-de-gilmore-girls-08042016\/\" target=\"_self\" rel=\"nofollow noopener\" title=\"https:\/\/entretenimento.r7.com\/pop\/fotos\/elas-estao-de-volta-confira-as-primeiras-fotos-da-nova-temporada-de-gilmore-girls-08042016\/\">Gilmore Girls<\/a> \u2014 v\u00ednculo que mistura cumplicidade, prote\u00e7\u00e3o e um toque de irrita\u00e7\u00e3o. Ao longo da hist\u00f3ria, contudo, essa din\u00e2mica se enfraquece, j\u00e1 que elas se afastam para enfrentar seus conflitos sozinhas. \u00c9 f\u00e1cil se identificar com Morgan, que abriu m\u00e3o dos sonhos para cuidar da filha, ou com Clara, jovem confusa e impulsiva \u2014 o que torna dif\u00edcil escolher um lado.<\/p>\n<p class=\"jarvics:base-text-neutral-high-400 base-text-[calc(theme(fontSize.xs)_*_var(--font-size,_1))] base-font-normal base-font-primary base-text-neutral-low-500 base-text-left\"><a href=\"https:\/\/entretenimento.r7.com\/cinema\/o-vicio\/rumores-sobre-mckenna-grace-em-panico-vii-agitam-fas-20102024\/\" target=\"_self\" rel=\"nofollow noopener\" title=\"https:\/\/entretenimento.r7.com\/cinema\/o-vicio\/rumores-sobre-mckenna-grace-em-panico-vii-agitam-fas-20102024\/\">McKenna Grace<\/a> captura com m\u00e9rito a ess\u00eancia de uma adolescente insuport\u00e1vel, com breves atitudes respons\u00e1veis ao se deparar com decis\u00f5es amb\u00edguas da m\u00e3e, abalada pela descoberta da trai\u00e7\u00e3o do marido com sua pr\u00f3pria irm\u00e3. <\/p>\n<p class=\"jarvics:base-text-neutral-high-400 base-text-[calc(theme(fontSize.xs)_*_var(--font-size,_1))] base-font-normal base-font-primary base-text-neutral-low-500 base-text-left\">Enquanto isso, seu primeiro romance com Miller (<a href=\"https:\/\/entretenimento.r7.com\/prisma\/cine-r7\/como-treinar-o-seu-dragao-e-otimo-live-action-que-nao-mexe-na-formula-da-animacao-12062025\/\" target=\"_self\" rel=\"nofollow noopener\" title=\"https:\/\/entretenimento.r7.com\/prisma\/cine-r7\/como-treinar-o-seu-dragao-e-otimo-live-action-que-nao-mexe-na-formula-da-animacao-12062025\/\">Mason Thames<\/a>) se desenrola em ritmo t\u00e3o acelerado que toda briga intensa se resolve com um \u00fanico, e absolutamente m\u00e1gico, \u201cbeijo de amor verdadeiro\u201d. O resultado \u00e9 uma rela\u00e7\u00e3o superficial, que poderia ter sido melhor se o roteiro tivesse dado um tempo de respiro.<\/p>\n<p class=\"jarvics:base-text-neutral-high-400 base-text-[calc(theme(fontSize.xs)_*_var(--font-size,_1))] base-font-normal base-font-primary base-text-neutral-low-500 base-text-left\">Como um clich\u00ea t\u00edpico de novela das seis, Jonah (<a href=\"https:\/\/entretenimento.r7.com\/prisma\/cine-r7\/juntos-explora-relacionamento-em-crise-atraves-de-horror-corporal-15082025\/\" target=\"_self\" rel=\"nofollow noopener\" title=\"https:\/\/entretenimento.r7.com\/prisma\/cine-r7\/juntos-explora-relacionamento-em-crise-atraves-de-horror-corporal-15082025\/\">Dave Franco<\/a>), ex-cunhado vi\u00favo de Morgan, surge como o par rom\u00e2ntico compreensivo que se arrepende de n\u00e3o ter se declarado para a protagonista na adolesc\u00eancia. <\/p>\n<p class=\"jarvics:base-text-neutral-high-400 base-text-[calc(theme(fontSize.xs)_*_var(--font-size,_1))] base-font-normal base-font-primary base-text-neutral-low-500 base-text-left\">A ideia do casal parece promissora, pois ambos compartilham das mesmas dores, mas se perde um pouco por dar a sensa\u00e7\u00e3o de que toda a tens\u00e3o entre eles poderia ter sido resolvida com uma simples conversa anos antes.<\/p>\n<p class=\"jarvics:base-text-neutral-high-400 base-text-[calc(theme(fontSize.xs)_*_var(--font-size,_1))] base-font-normal base-font-primary base-text-neutral-low-500 base-text-left\">H\u00e1 ainda escolhas de dire\u00e7\u00e3o dif\u00edceis de defender que tornam algumas cenas simplesmente constrangedoras, como escalar os mesmos atores para interpretarem suas vers\u00f5es mais jovens. <\/p>\n<p class=\"jarvics:base-text-neutral-high-400 base-text-[calc(theme(fontSize.xs)_*_var(--font-size,_1))] base-font-normal base-font-primary base-text-neutral-low-500 base-text-left\">A sequ\u00eancia da piscina, por exemplo, que deveria ser um marco para a rela\u00e7\u00e3o entre Morgan e Jonah, virou um momento de puro cringe. A express\u00e3o de flerte de Dave Franco, que mais parece uma contra\u00e7\u00e3o de dor, \u00e9 algo que dificilmente sai da mem\u00f3ria.<\/p>\n<p class=\"jarvics:base-text-neutral-high-400 base-text-[calc(theme(fontSize.xs)_*_var(--font-size,_1))] base-font-normal base-font-primary base-text-neutral-low-500 base-text-left\">Um dos principais problemas, entretanto, \u00e9 a pressa do roteiro para o cl\u00edmax entre Morgan e Clara. A conversa profunda poderia explorar as m\u00e1goas entre elas, mas durou meros cinco minutos de tela, como se todo o drama acumulado em quase duas horas fosse esquecido com frases soltas ap\u00f3s uma ressaca de vinho.<\/p>\n<p class=\"jarvics:base-text-neutral-high-400 base-text-[calc(theme(fontSize.xs)_*_var(--font-size,_1))] base-font-normal base-font-primary base-text-neutral-low-500 base-text-left\">Ainda assim, <a href=\"https:\/\/entretenimento.r7.com\/cinema\/o-vicio\/se-nao-fosse-voce-adaptacao-de-colleen-hoover-recebe-novidades-no-elenco-21032025\/\" target=\"_self\" rel=\"nofollow noopener\" title=\"https:\/\/entretenimento.r7.com\/cinema\/o-vicio\/se-nao-fosse-voce-adaptacao-de-colleen-hoover-recebe-novidades-no-elenco-21032025\/\">Se N\u00e3o Fosse Voc\u00ea<\/a> tem seu apelo. H\u00e1 emo\u00e7\u00e3o, h\u00e1 l\u00e1grimas, e h\u00e1 o conforto daquele tipo de hist\u00f3ria que parece feita sob medida para uma noite chuvosa, um balde de sorvete e o desejo de se envolver sem pensar muito.<\/p>\n<p class=\"jarvics:base-text-neutral-high-400 base-text-[calc(theme(fontSize.xs)_*_var(--font-size,_1))] base-font-normal base-font-primary base-text-neutral-low-500 base-text-left\">*Sob supervis\u00e3o de Lello Lopes<\/p>\n<p class=\"jarvics:base-text-neutral-high-400 base-text-[calc(theme(fontSize.xs)_*_var(--font-size,_1))] base-font-normal base-font-primary base-text-neutral-low-500 base-text-left\">\u2705<b>Para saber tudo do mundo dos famosos, <\/b><a href=\"https:\/\/whatsapp.com\/channel\/0029Va9UfKcHQbRyCyhPt71R\" rel=\"nofollow noopener\" title=\"https:\/\/whatsapp.com\/channel\/0029Va9UfKcHQbRyCyhPt71R\" target=\"_blank\"><b>siga o canal de entretenimento do R7<\/b><\/a><b>, o portal de not\u00edcias da Record, no WhatsApp<\/b><\/p>\n<p>Os textos aqui publicados <strong>n\u00e3o refletem<\/strong> necessariamente a opini\u00e3o do<strong> Grupo Record<\/strong>.<\/p>\n","protected":false},"excerpt":{"rendered":"Segunda adapta\u00e7\u00e3o liter\u00e1ria de Colleen leva dire\u00e7\u00e3o de Josh Boone Divulga\u00e7\u00e3o\/Paramount Pictures Depois do turbilh\u00e3o de pol\u00eamicas que&hellip;\n","protected":false},"author":2,"featured_media":125855,"comment_status":"","ping_status":"","sticky":false,"template":"","format":"standard","meta":{"footnotes":""},"categories":[142],"tags":[470,114,115,864,32,33,151],"class_list":{"0":"post-125854","1":"post","2":"type-post","3":"status-publish","4":"format-standard","5":"has-post-thumbnail","7":"category-tv","8":"tag-cinema","9":"tag-entertainment","10":"tag-entretenimento","11":"tag-literatura","12":"tag-portugal","13":"tag-pt","14":"tag-tv"},"share_on_mastodon":{"url":"https:\/\/pubeurope.com\/@pt\/115435328402300967","error":""},"_links":{"self":[{"href":"https:\/\/www.europesays.com\/pt\/wp-json\/wp\/v2\/posts\/125854","targetHints":{"allow":["GET"]}}],"collection":[{"href":"https:\/\/www.europesays.com\/pt\/wp-json\/wp\/v2\/posts"}],"about":[{"href":"https:\/\/www.europesays.com\/pt\/wp-json\/wp\/v2\/types\/post"}],"author":[{"embeddable":true,"href":"https:\/\/www.europesays.com\/pt\/wp-json\/wp\/v2\/users\/2"}],"replies":[{"embeddable":true,"href":"https:\/\/www.europesays.com\/pt\/wp-json\/wp\/v2\/comments?post=125854"}],"version-history":[{"count":0,"href":"https:\/\/www.europesays.com\/pt\/wp-json\/wp\/v2\/posts\/125854\/revisions"}],"wp:featuredmedia":[{"embeddable":true,"href":"https:\/\/www.europesays.com\/pt\/wp-json\/wp\/v2\/media\/125855"}],"wp:attachment":[{"href":"https:\/\/www.europesays.com\/pt\/wp-json\/wp\/v2\/media?parent=125854"}],"wp:term":[{"taxonomy":"category","embeddable":true,"href":"https:\/\/www.europesays.com\/pt\/wp-json\/wp\/v2\/categories?post=125854"},{"taxonomy":"post_tag","embeddable":true,"href":"https:\/\/www.europesays.com\/pt\/wp-json\/wp\/v2\/tags?post=125854"}],"curies":[{"name":"wp","href":"https:\/\/api.w.org\/{rel}","templated":true}]}}