{"id":125856,"date":"2025-10-25T14:41:09","date_gmt":"2025-10-25T14:41:09","guid":{"rendered":"https:\/\/www.europesays.com\/pt\/125856\/"},"modified":"2025-10-25T14:41:09","modified_gmt":"2025-10-25T14:41:09","slug":"incendio-de-grandes-proporcoes-nesta-madrugada-em-uma-tradicional-industria-de-pinhalzinho-novafm103-com-br","status":"publish","type":"post","link":"https:\/\/www.europesays.com\/pt\/125856\/","title":{"rendered":"Inc\u00eandio de grandes propor\u00e7\u00f5es nesta madrugada em uma tradicional ind\u00fastria de Pinhalzinho. &#8211; novafm103.com.br"},"content":{"rendered":"<ol>\n<li><a href=\"https:\/\/news.google.com\/rss\/articles\/CBMiVkFVX3lxTE03RjZmM2pxUmwxSEtNdFY0TXJEckhsZHlhOElTU2pKZHgyeUVLY3YycThfWW90TVhpM1JNYTZxWEVXb3ZfNzhzcG9qM3RBY1U0NnNWWG1R?oc=5\" target=\"_blank\" rel=\"nofollow noopener\">Inc\u00eandio de grandes propor\u00e7\u00f5es nesta madrugada em uma tradicional ind\u00fastria de Pinhalzinho.<\/a>&nbsp;&nbsp;novafm103.com.br<\/li>\n<li><a href=\"https:\/\/news.google.com\/rss\/articles\/CBMiwAFBVV95cUxNbWtwTWs4N0RSMnZFVjBrOUJFTm5VWU5yRDhOd2h5cDFMSWV6aVpDQllOYVI2SmtCeHZyelU3VDQyMVpOQnROV2ppMGlaX0ltdnludzJEa2k4WXhiOHhFRHIteUMwamM5MlIwWExlT0xrdU5VRHRtSlg5UUt6MWV5SVh4ZmNMTnNSVEZTSlltRTNueUdRZXljemVuTlVWZ0ZnLUJWYXNudGJFMkNyUzJRZGMtZTBEOWU1T0dZazZDSVE?oc=5\" target=\"_blank\" rel=\"nofollow noopener\">Empresa de olaria pega fogo em Pinhalzinho e combate segue por mais de 8 horas<\/a>&nbsp;&nbsp;Grupo A Sua Voz<\/li>\n<li><a href=\"https:\/\/news.google.com\/rss\/articles\/CBMirwFBVV95cUxQaU9kcVRUTWRYZzlHMEVJenBNOEhWNFJfeUlhcmFLaDhvSVdPOG1TajZDbmZ3TzB1VExtaF9QNURGcUUydlRLU29jWjJMYTcyaHlSbzN3NkhvQ1lJMUkxVWFjbDBWQWxUVnpmNUZfbTh3cUh2YVJCVjBzOWZNNWRUN29RaU5PZ1lqNkdWbHB4dWNORWlFcGpwakNQMTZNN3hrTkV2cHBQSFhaMWtTbmlR?oc=5\" target=\"_blank\" rel=\"nofollow noopener\">Inc\u00eandio atinge 20% de ind\u00fastria em Pinhalzinho<\/a>&nbsp;&nbsp;Di\u00e1rio do Igua\u00e7u<\/li>\n<li><a href=\"https:\/\/news.google.com\/rss\/articles\/CBMi1wFBVV95cUxOdlZsLUlISzAzZ2lrcGx0UVc3SHlndXdHWlFXWlFEdm81VEhYVjJZd1JKZVBlNUg2VUhnckJjZmJlb2dYZTYtYUhHanExREIyak1Ya2JxanBmUFNpSFRqT29lamtoWmhQZ25sZ01faF9NMWhTNWRjTm1HNjJjNDVVMldCejkzZTdQUWtzNGlKSi1iRDNFTTFGd3dCRE1WVmRTRHI5d1Eyd0hhcDZncWp3RGxlUUZNSmJ1ZFZiRk1yc0dWNWN6dklla01SanFEa1cwTS1HUk5vOA?oc=5\" target=\"_blank\" rel=\"nofollow noopener\">Inc\u00eandio atinge industria em Pinhalzinho e mobiliza bombeiros de tr\u00eas cidades no Oeste<\/a>&nbsp;&nbsp;Oeste SC Not\u00edcias<\/li>\n<li><a href=\"https:\/\/news.google.com\/rss\/articles\/CBMiugFBVV95cUxNcVpGNVlpVEV3dGh6dVFvamd6cGhqX0lhRy1PM0VZeEpfa3NMaW8yYlNfeF9aUE5LY1NUUU0zNVdVRTFxNWF6SEQ4bkNhY0Z1YVVJY2ZQRzFidUhQMnhkNk5pbFk5R2d3azczaUFoWUZBOXlMTzdub3F0UU1hc1NrTUlRYV9DY3Bkd3pOc1pacWN2elZYeTVRaDIwWGFoQU9rcjB0R1RqRWROWDA1ZU5ydU95Z3dIb2huTkE?oc=5\" target=\"_blank\" rel=\"nofollow noopener\">Inc\u00eandio atinge ind\u00fastria em Pinhalzinho e mobiliza bombeiros de tr\u00eas munic\u00edpios<\/a>&nbsp;&nbsp;rco.com.br<\/li>\n<\/ol>\n","protected":false},"excerpt":{"rendered":"Inc\u00eandio de grandes propor\u00e7\u00f5es nesta madrugada em uma tradicional ind\u00fastria de Pinhalzinho.&nbsp;&nbsp;novafm103.com.br Empresa de olaria pega fogo em&hellip;\n","protected":false},"author":2,"featured_media":5730,"comment_status":"","ping_status":"","sticky":false,"template":"","format":"standard","meta":{"footnotes":""},"categories":[141],"tags":[114,115,149,150,3100,32,33],"class_list":{"0":"post-125856","1":"post","2":"type-post","3":"status-publish","4":"format-standard","5":"has-post-thumbnail","7":"category-musica","8":"tag-entertainment","9":"tag-entretenimento","10":"tag-music","11":"tag-musica","12":"tag-nova-fm-103-1-fm-pinhalzinho-sc","13":"tag-portugal","14":"tag-pt"},"share_on_mastodon":{"url":"","error":""},"_links":{"self":[{"href":"https:\/\/www.europesays.com\/pt\/wp-json\/wp\/v2\/posts\/125856","targetHints":{"allow":["GET"]}}],"collection":[{"href":"https:\/\/www.europesays.com\/pt\/wp-json\/wp\/v2\/posts"}],"about":[{"href":"https:\/\/www.europesays.com\/pt\/wp-json\/wp\/v2\/types\/post"}],"author":[{"embeddable":true,"href":"https:\/\/www.europesays.com\/pt\/wp-json\/wp\/v2\/users\/2"}],"replies":[{"embeddable":true,"href":"https:\/\/www.europesays.com\/pt\/wp-json\/wp\/v2\/comments?post=125856"}],"version-history":[{"count":0,"href":"https:\/\/www.europesays.com\/pt\/wp-json\/wp\/v2\/posts\/125856\/revisions"}],"wp:featuredmedia":[{"embeddable":true,"href":"https:\/\/www.europesays.com\/pt\/wp-json\/wp\/v2\/media\/5730"}],"wp:attachment":[{"href":"https:\/\/www.europesays.com\/pt\/wp-json\/wp\/v2\/media?parent=125856"}],"wp:term":[{"taxonomy":"category","embeddable":true,"href":"https:\/\/www.europesays.com\/pt\/wp-json\/wp\/v2\/categories?post=125856"},{"taxonomy":"post_tag","embeddable":true,"href":"https:\/\/www.europesays.com\/pt\/wp-json\/wp\/v2\/tags?post=125856"}],"curies":[{"name":"wp","href":"https:\/\/api.w.org\/{rel}","templated":true}]}}