{"id":125859,"date":"2025-10-25T14:43:21","date_gmt":"2025-10-25T14:43:21","guid":{"rendered":"https:\/\/www.europesays.com\/pt\/125859\/"},"modified":"2025-10-25T14:43:21","modified_gmt":"2025-10-25T14:43:21","slug":"f1-red-bull-admite-exagero-no-episodio-da-fita-adesiva","status":"publish","type":"post","link":"https:\/\/www.europesays.com\/pt\/125859\/","title":{"rendered":"F1: Red Bull admite exagero no epis\u00f3dio da fita adesiva"},"content":{"rendered":"<p>\t\t\t<a href=\"https:\/\/www.autosport.pt\" rel=\"nofollow noopener\" target=\"_blank\">Home<\/a>  \u00a0 &gt; \u00a0  <a href=\"https:\/\/www.autosport.pt\/cat\/formula1\/\" rel=\"nofollow noopener\" target=\"_blank\">F\u00d3RMULA 1<\/a>  \u00a0 &gt; \u00a0  <a href=\"https:\/\/www.autosport.pt\/cat\/formula1\/f1\/\" rel=\"nofollow noopener\" target=\"_blank\">F1<\/a>  \u00a0 &gt; \u00a0  F1: Red Bull admite exagero no epis\u00f3dio da fita adesiva<\/p>\n<p>\t\t\t\tPor <a href=\"https:\/\/www.autosport.pt\/author\/fmendes\/\" title=\"Artigos de F\u00e1bio Mendes\" rel=\"author nofollow noopener\" target=\"_blank\">F\u00e1bio Mendes<\/a> a 24 Outubro 2025 22:31<\/p>\n<p>\t\t\t\t\t<img width=\"868\" height=\"579\" data-lazy-type=\"image\" src=\"https:\/\/www.europesays.com\/pt\/wp-content\/uploads\/2025\/10\/si202510200005-868x579.jpg\" class=\"lazy lazy-hidden attachment-single-img size-single-img wp-post-image\" alt=\"\" decoding=\"async\" fetchpriority=\"high\"  \/>\t\t\t\t<\/p>\n<p>O chefe de equipa da Red Bull, Laurent Mekies, reconheceu que a equipa foi longe demais na tentativa de retirar uma fita adesiva usada pela McLaren para Lando Norris na grelha de partida, epis\u00f3dio que resultou numa multa durante o Grande Pr\u00e9mio dos Estados Unidos.<\/p>\n<p>A Red Bull foi penalizada em 50 mil euros \u2014 metade suspensos sob condi\u00e7\u00e3o de n\u00e3o reincid\u00eancia \u2014 depois de um elemento da equipa ter regressado \u00e0 grelha ap\u00f3s o in\u00edcio da volta de forma\u00e7\u00e3o, numa a\u00e7\u00e3o destinada a remover uma fita colocada no muro das boxes pela McLaren para ajudar Norris a posicionar o seu carro.<\/p>\n<p>Esta n\u00e3o foi a primeira vez que ambas as equipas recorreram a pequenos estratagemas na luta por vantagem no arranque. Embora o uso da fita n\u00e3o seja proibido, Mekies admitiu que a situa\u00e7\u00e3o se tornou excessiva e que as \u201cbrincadeiras\u201d entre as equipas devem terminar.<\/p>\n<blockquote class=\"wp-block-quote is-layout-flow wp-block-quote-is-layout-flow\">\n<p>\u201cHouve alguns jogos tolos nas \u00faltimas corridas e provavelmente foi longe demais. Daqui em diante estar\u00e1 mais controlado\u201d disse Mekies. <\/p>\n<\/blockquote>\n<p>\t\t\tCaro leitor, esta \u00e9 uma mensagem importante.<br \/>\n                        O Autosport j\u00e1 n\u00e3o existe em vers\u00e3o papel, apenas na vers\u00e3o online.<br \/>\n                        E por essa raz\u00e3o, n\u00e3o \u00e9 mais poss\u00edvel o Autosport continuar a disponibilizar todos os seus artigos gratuitamente.<br \/>\n                        Para que os leitores possam contribuir para a exist\u00eancia e evolu\u00e7\u00e3o da qualidade do seu site preferido, cri\u00e1mos o Clube Autosport com in\u00fameras vantagens e descontos que permitir\u00e1 a cada membro aceder a todos os artigos do site Autosport e ainda recuperar (varias vezes) o custo de ser membro.<br \/>\nOs membros do Clube Autosport receber\u00e3o um cart\u00e3o de membro com validade de 1 ano, que apresentar\u00e3o junto das empresas parceiras como identifica\u00e7\u00e3o.<br \/>\nLista de Vantagens:<br \/>\n-Acesso a todos os conte\u00fados no site Autosport sem ter que ver a publicidade<br \/>\n-Desconto nos combust\u00edveis Repsol <br \/>\n-Acesso a seguros especialmente desenvolvidos pela Vitorinos seguros a pre\u00e7os imbat\u00edveis<br \/>\n-Descontos em oficinas, lojas e servi\u00e7os auto<br \/>\n-Acesso exclusivo a eventos especialmente organizados para membros<br \/>\n<a style=\"color:#e30713; font-weight: bold;\" href=\"https:\/\/www.clubeautosport.pt\/faca-se-membro\/\" target=\"_blank\" rel=\"nofollow noopener\">Saiba mais AQUI<\/a><\/p>\n<p>&#13;<br \/>\n                        Continuar a ler&#13;\n                <\/p>\n","protected":false},"excerpt":{"rendered":"Home \u00a0 &gt; \u00a0 F\u00d3RMULA 1 \u00a0 &gt; \u00a0 F1 \u00a0 &gt; \u00a0 F1: Red Bull admite exagero&hellip;\n","protected":false},"author":2,"featured_media":125860,"comment_status":"","ping_status":"","sticky":false,"template":"","format":"standard","meta":{"footnotes":""},"categories":[87],"tags":[135,970,971,718,32,33,17389,134],"class_list":{"0":"post-125859","1":"post","2":"type-post","3":"status-publish","4":"format-standard","5":"has-post-thumbnail","7":"category-desporto","8":"tag-desporto","9":"tag-f1","10":"tag-formula-1","11":"tag-newsletter","12":"tag-portugal","13":"tag-pt","14":"tag-red-bull","15":"tag-sports"},"share_on_mastodon":{"url":"https:\/\/pubeurope.com\/@pt\/115435340078547780","error":""},"_links":{"self":[{"href":"https:\/\/www.europesays.com\/pt\/wp-json\/wp\/v2\/posts\/125859","targetHints":{"allow":["GET"]}}],"collection":[{"href":"https:\/\/www.europesays.com\/pt\/wp-json\/wp\/v2\/posts"}],"about":[{"href":"https:\/\/www.europesays.com\/pt\/wp-json\/wp\/v2\/types\/post"}],"author":[{"embeddable":true,"href":"https:\/\/www.europesays.com\/pt\/wp-json\/wp\/v2\/users\/2"}],"replies":[{"embeddable":true,"href":"https:\/\/www.europesays.com\/pt\/wp-json\/wp\/v2\/comments?post=125859"}],"version-history":[{"count":0,"href":"https:\/\/www.europesays.com\/pt\/wp-json\/wp\/v2\/posts\/125859\/revisions"}],"wp:featuredmedia":[{"embeddable":true,"href":"https:\/\/www.europesays.com\/pt\/wp-json\/wp\/v2\/media\/125860"}],"wp:attachment":[{"href":"https:\/\/www.europesays.com\/pt\/wp-json\/wp\/v2\/media?parent=125859"}],"wp:term":[{"taxonomy":"category","embeddable":true,"href":"https:\/\/www.europesays.com\/pt\/wp-json\/wp\/v2\/categories?post=125859"},{"taxonomy":"post_tag","embeddable":true,"href":"https:\/\/www.europesays.com\/pt\/wp-json\/wp\/v2\/tags?post=125859"}],"curies":[{"name":"wp","href":"https:\/\/api.w.org\/{rel}","templated":true}]}}