{"id":125873,"date":"2025-10-25T14:53:15","date_gmt":"2025-10-25T14:53:15","guid":{"rendered":"https:\/\/www.europesays.com\/pt\/125873\/"},"modified":"2025-10-25T14:53:15","modified_gmt":"2025-10-25T14:53:15","slug":"mulher-gigante-pesa-45-toneladas-tem-mais-de-5-metros-e-esta-presa-no-fundo-do-oceano","status":"publish","type":"post","link":"https:\/\/www.europesays.com\/pt\/125873\/","title":{"rendered":"&#8220;Mulher&#8221; gigante pesa 45 toneladas, tem mais de 5 metros, e est\u00e1 presa no fundo do oceano"},"content":{"rendered":"<p>Em um marco na uni\u00e3o entre arte e conserva\u00e7\u00e3o ambiental, o artista brit\u00e2nico Jason deCaires Taylor instalou sua mais recente obra subaqu\u00e1tica no Jap\u00e3o em 14 de outubro.\u00a0<\/p>\n<p>A escultura, batizada de \u201c<strong>Ocean Gaia<\/strong>\u201c, est\u00e1 situada a cinco metros de profundidade nas \u00e1guas da ilha de Tokunoshima, e \u00e9 a primeira de seu tipo no pa\u00eds.\u00a0<\/p>\n<p>Com <strong>45 toneladas e 5,5 metros de largura<\/strong>, a pe\u00e7a n\u00e3o s\u00f3 exibe a imagem da modelo<strong> japonesa Kiko Mizuhara<\/strong>, mas tamb\u00e9m funciona como um habitat marinho, contribuindo para o <strong>repovoamento de peixes e corais<\/strong>.<\/p>\n<p><img loading=\"lazy\" decoding=\"async\" width=\"1024\" height=\"576\" src=\"https:\/\/www.europesays.com\/pt\/wp-content\/uploads\/2025\/10\/Kiko-Mizuhara-1024x576.jpg\" alt=\"\" class=\"wp-image-20380\" style=\"width:792px;height:auto\"  \/>Kiko Mizuhara (Foto: MICHELIN Guide) <\/p>\n<p>Interligando arte e conserva\u00e7\u00e3o<\/p>\n<p>Jason deCaires Taylor \u00e9 reconhecido por suas galerias submersas, j\u00e1 presentes em pa\u00edses como M\u00e9xico e Bahamas. <\/p>\n<p>Seu trabalho se destaca por combinar arte com ecologia, criando recifes artificiais que promovem a biodiversidade marinha.\u00a0A \u201cOcean Gaia\u201d se inspira nos c\u00edrculos de areia desenhados pelo baiacu-de-pintas-brancas, uma esp\u00e9cie nativa da regi\u00e3o.<\/p>\n<p>Reconex\u00e3o com o oceano<\/p>\n<p>Tokunoshima, famosa por suas \u00e1guas cristalinas e rica biodiversidade, foi escolhida para receber a \u201cOcean Gaia\u201d devido \u00e0 sua import\u00e2ncia ambiental.\u00a0<\/p>\n<p>A instala\u00e7\u00e3o visa encorajar a popula\u00e7\u00e3o local, especialmente os jovens, a se reconectarem com o oceano. Segundo Taylor, a perpetua\u00e7\u00e3o da vida na Terra depende dessa intera\u00e7\u00e3o cont\u00ednua com os recursos marinhos.<\/p>\n<p>A arte como ferramenta de reflex\u00e3o e a\u00e7\u00e3o<\/p>\n<p>A abordagem de Taylor vai al\u00e9m da est\u00e9tica. Suas esculturas abordam preocupa\u00e7\u00f5es ambientais, destacando problemas como a polui\u00e7\u00e3o dos oceanos e as mudan\u00e7as clim\u00e1ticas.\u00a0<\/p>\n<p>Cada pe\u00e7a atua como um chamado \u00e0 a\u00e7\u00e3o, incentivando tanto a conserva\u00e7\u00e3o quanto a conscientiza\u00e7\u00e3o ambiental.<\/p>\n<p>Uma heran\u00e7a de conscientiza\u00e7\u00e3o<\/p>\n<p>As obras de Jason deCaires Taylor promovem um legado sustent\u00e1vel, envolvendo ativamente as comunidades na conserva\u00e7\u00e3o dos ecossistemas marinhos.\u00a0<\/p>\n<p>Com projetos como o Museu Atl\u00e2ntico nas Ilhas Can\u00e1rias, ele estimula a consci\u00eancia global sobre a urg\u00eancia dos esfor\u00e7os de conserva\u00e7\u00e3o.\u00a0<\/p>\n<p>A \u201cOcean Gaia\u201d \u00e9 mais um passo nessa jornada, demonstrando como as exposi\u00e7\u00f5es subaqu\u00e1ticas podem redefinir a intera\u00e7\u00e3o entre arte, ci\u00eancia e natureza.<\/p>\n","protected":false},"excerpt":{"rendered":"Em um marco na uni\u00e3o entre arte e conserva\u00e7\u00e3o ambiental, o artista brit\u00e2nico Jason deCaires Taylor instalou sua&hellip;\n","protected":false},"author":2,"featured_media":125874,"comment_status":"","ping_status":"","sticky":false,"template":"","format":"standard","meta":{"footnotes":""},"categories":[144],"tags":[207,205,206,203,201,202,204,114,115,32,33],"class_list":{"0":"post-125873","1":"post","2":"type-post","3":"status-publish","4":"format-standard","5":"has-post-thumbnail","7":"category-arte-e-design","8":"tag-arte","9":"tag-arte-e-design","10":"tag-artedesign","11":"tag-arts","12":"tag-arts-and-design","13":"tag-artsanddesign","14":"tag-design","15":"tag-entertainment","16":"tag-entretenimento","17":"tag-portugal","18":"tag-pt"},"share_on_mastodon":{"url":"https:\/\/pubeurope.com\/@pt\/115435379359722799","error":""},"_links":{"self":[{"href":"https:\/\/www.europesays.com\/pt\/wp-json\/wp\/v2\/posts\/125873","targetHints":{"allow":["GET"]}}],"collection":[{"href":"https:\/\/www.europesays.com\/pt\/wp-json\/wp\/v2\/posts"}],"about":[{"href":"https:\/\/www.europesays.com\/pt\/wp-json\/wp\/v2\/types\/post"}],"author":[{"embeddable":true,"href":"https:\/\/www.europesays.com\/pt\/wp-json\/wp\/v2\/users\/2"}],"replies":[{"embeddable":true,"href":"https:\/\/www.europesays.com\/pt\/wp-json\/wp\/v2\/comments?post=125873"}],"version-history":[{"count":0,"href":"https:\/\/www.europesays.com\/pt\/wp-json\/wp\/v2\/posts\/125873\/revisions"}],"wp:featuredmedia":[{"embeddable":true,"href":"https:\/\/www.europesays.com\/pt\/wp-json\/wp\/v2\/media\/125874"}],"wp:attachment":[{"href":"https:\/\/www.europesays.com\/pt\/wp-json\/wp\/v2\/media?parent=125873"}],"wp:term":[{"taxonomy":"category","embeddable":true,"href":"https:\/\/www.europesays.com\/pt\/wp-json\/wp\/v2\/categories?post=125873"},{"taxonomy":"post_tag","embeddable":true,"href":"https:\/\/www.europesays.com\/pt\/wp-json\/wp\/v2\/tags?post=125873"}],"curies":[{"name":"wp","href":"https:\/\/api.w.org\/{rel}","templated":true}]}}