{"id":125910,"date":"2025-10-25T15:27:10","date_gmt":"2025-10-25T15:27:10","guid":{"rendered":"https:\/\/www.europesays.com\/pt\/125910\/"},"modified":"2025-10-25T15:27:10","modified_gmt":"2025-10-25T15:27:10","slug":"barcelona-com-baixa-de-peso-para-o-el-clasico-frente-ao-real-madrid","status":"publish","type":"post","link":"https:\/\/www.europesays.com\/pt\/125910\/","title":{"rendered":"Barcelona com baixa de peso para o El Cl\u00e1sico frente ao Real Madrid"},"content":{"rendered":"<p>&#8211; Advertisement &#8211;<\/p>\n<p><strong>Raphinha vai falhar o jogo frente ao Real Madrid. O internacional brasileiro sofreu uma les\u00e3o no g\u00e9meo posterior.<\/strong><\/p>\n<p>Hansi Flick n\u00e3o poder\u00e1 contar com Raphinha para o jogo diante do Real Madrid, da 10.\u00aa jornada da La Liga. Segundo o The Athletic, o internacional brasileiro sofreu um rev\u00e9s na les\u00e3o no g\u00e9meo posterior.<\/p>\n<p>A expectativa \u00e9 que o avan\u00e7ado do Barcelona fique afastado dos relvados por aproximadamente mais um m\u00eas. Na presente temporada, Raphinha soma tr\u00eas golos e duas assist\u00eancias em sete jogos pelo conjunto blaugrana.<\/p>\n<p>Fica a saber<a href=\"https:\/\/bolanarede.pt\/especial-bola-na-rede\/atualidade\/onde-ver-o-real-madrid-x-barcelona-da-10-a-jornada-da-la-liga\/\" target=\"_blank\" rel=\"noreferrer noopener nofollow\"> onde ver o El Cl\u00e1sico<\/a>, marcado para este domingo, \u00e0s 15h15.<\/p>\n","protected":false},"excerpt":{"rendered":"&#8211; Advertisement &#8211; Raphinha vai falhar o jogo frente ao Real Madrid. O internacional brasileiro sofreu uma les\u00e3o&hellip;\n","protected":false},"author":2,"featured_media":111188,"comment_status":"","ping_status":"","sticky":false,"template":"","format":"standard","meta":{"footnotes":""},"categories":[87],"tags":[260,1235,135,5705,32,33,19188,2007,134],"class_list":{"0":"post-125910","1":"post","2":"type-post","3":"status-publish","4":"format-standard","5":"has-post-thumbnail","7":"category-desporto","8":"tag-atualidade","9":"tag-barcelona","10":"tag-desporto","11":"tag-la-liga","12":"tag-portugal","13":"tag-pt","14":"tag-raphinha","15":"tag-real-madrid","16":"tag-sports"},"share_on_mastodon":{"url":"https:\/\/pubeurope.com\/@pt\/115435513125323266","error":""},"_links":{"self":[{"href":"https:\/\/www.europesays.com\/pt\/wp-json\/wp\/v2\/posts\/125910","targetHints":{"allow":["GET"]}}],"collection":[{"href":"https:\/\/www.europesays.com\/pt\/wp-json\/wp\/v2\/posts"}],"about":[{"href":"https:\/\/www.europesays.com\/pt\/wp-json\/wp\/v2\/types\/post"}],"author":[{"embeddable":true,"href":"https:\/\/www.europesays.com\/pt\/wp-json\/wp\/v2\/users\/2"}],"replies":[{"embeddable":true,"href":"https:\/\/www.europesays.com\/pt\/wp-json\/wp\/v2\/comments?post=125910"}],"version-history":[{"count":0,"href":"https:\/\/www.europesays.com\/pt\/wp-json\/wp\/v2\/posts\/125910\/revisions"}],"wp:featuredmedia":[{"embeddable":true,"href":"https:\/\/www.europesays.com\/pt\/wp-json\/wp\/v2\/media\/111188"}],"wp:attachment":[{"href":"https:\/\/www.europesays.com\/pt\/wp-json\/wp\/v2\/media?parent=125910"}],"wp:term":[{"taxonomy":"category","embeddable":true,"href":"https:\/\/www.europesays.com\/pt\/wp-json\/wp\/v2\/categories?post=125910"},{"taxonomy":"post_tag","embeddable":true,"href":"https:\/\/www.europesays.com\/pt\/wp-json\/wp\/v2\/tags?post=125910"}],"curies":[{"name":"wp","href":"https:\/\/api.w.org\/{rel}","templated":true}]}}