{"id":125917,"date":"2025-10-25T15:31:24","date_gmt":"2025-10-25T15:31:24","guid":{"rendered":"https:\/\/www.europesays.com\/pt\/125917\/"},"modified":"2025-10-25T15:31:24","modified_gmt":"2025-10-25T15:31:24","slug":"pode-um-vinho-excecional-custar-menos-de-3-euros-no-pingo-doce-sim","status":"publish","type":"post","link":"https:\/\/www.europesays.com\/pt\/125917\/","title":{"rendered":"Pode um vinho &#8220;excecional&#8221; custar menos de 3 euros no Pingo Doce? Sim"},"content":{"rendered":"<p>H\u00e1 vinhos que se <a href=\"https:\/\/versa.iol.pt\/vinho\/micasta\/micasta-lanca-novo-vinho-uma-nova-dimensao-de-elegancia-sem-perder-a-alma\/20251019\/68e912cdd34e58bc6796c079\" rel=\"nofollow noopener\" target=\"_blank\">guardam para ocasi\u00f5es especiais<\/a> e h\u00e1 vinhos que transformam qualquer refei\u00e7\u00e3o num momento digno de celebra\u00e7\u00e3o. O Lisboa Pancas Pica Bagos, dispon\u00edvel no Pingo Doce, \u00e9 um desses casos raros, sendo um tinto classificado como excecional, uma vez que combina qualidade, sabor e um pre\u00e7o que surpreende.<\/p>\n<p>Produzido nas encostas soalheiras de Alenquer, este vinho resulta da harmoniosa jun\u00e7\u00e3o de castas francesas e portuguesas, o que lhe confere uma personalidade rica e equilibrada. O en\u00f3logo do Pingo Doce, Frederico Vilar Gomes, descreve-o como um vinho \u201cconcentrado, intenso e de forte sabor frutado\u201d, e n\u00e3o \u00e9 por acaso que o classificou com 90 pontos em 100, uma distin\u00e7\u00e3o que o coloca na categoria de \u201cexcecional\u201d.<\/p>\n<p>Mais do que um simples vinho, o Lisboa Pancas Pica Bagos \u00e9 uma celebra\u00e7\u00e3o da esta\u00e7\u00e3o devido ao seu perfil encorpado e elegante, o que faz dele o companheiro ideal para os pratos de outono, como assados, carnes de ca\u00e7a ou queijos curados.\u00a0<\/p>\n<p>Mas o que torna esta proposta ainda mais tentadora \u00e9 o seu pre\u00e7o promocional. Em vez dos habituais \u20ac9,99, o Pingo Doce coloca agora este vinho a apenas \u20ac2,99, gra\u00e7as a um desconto de 70% v\u00e1lido entre 21 e 26 de outubro.<\/p>\n<p>Com esta promo\u00e7\u00e3o, n\u00e3o h\u00e1 desculpas para n\u00e3o brindar ao outono com um vinho excecional, elogiado por um en\u00f3logo de renome e dispon\u00edvel a um pre\u00e7o que desafia todas as expectativas.<\/p>\n","protected":false},"excerpt":{"rendered":"H\u00e1 vinhos que se guardam para ocasi\u00f5es especiais e h\u00e1 vinhos que transformam qualquer refei\u00e7\u00e3o num momento digno&hellip;\n","protected":false},"author":2,"featured_media":125918,"comment_status":"","ping_status":"","sticky":false,"template":"","format":"standard","meta":{"footnotes":""},"categories":[83],"tags":[1081,88,204,89,90,754,186,1079,3366,32,33,1078,1080,3911,5690],"class_list":{"0":"post-125917","1":"post","2":"type-post","3":"status-publish","4":"format-standard","5":"has-post-thumbnail","7":"category-empresas","8":"tag-beleza","9":"tag-business","10":"tag-design","11":"tag-economy","12":"tag-empresas","13":"tag-gastronomia","14":"tag-lifestyle","15":"tag-moda","16":"tag-pingo-doce","17":"tag-portugal","18":"tag-pt","19":"tag-versa","20":"tag-viagens","21":"tag-vinho","22":"tag-vinhos"},"share_on_mastodon":{"url":"https:\/\/pubeurope.com\/@pt\/115435528863900531","error":""},"_links":{"self":[{"href":"https:\/\/www.europesays.com\/pt\/wp-json\/wp\/v2\/posts\/125917","targetHints":{"allow":["GET"]}}],"collection":[{"href":"https:\/\/www.europesays.com\/pt\/wp-json\/wp\/v2\/posts"}],"about":[{"href":"https:\/\/www.europesays.com\/pt\/wp-json\/wp\/v2\/types\/post"}],"author":[{"embeddable":true,"href":"https:\/\/www.europesays.com\/pt\/wp-json\/wp\/v2\/users\/2"}],"replies":[{"embeddable":true,"href":"https:\/\/www.europesays.com\/pt\/wp-json\/wp\/v2\/comments?post=125917"}],"version-history":[{"count":0,"href":"https:\/\/www.europesays.com\/pt\/wp-json\/wp\/v2\/posts\/125917\/revisions"}],"wp:featuredmedia":[{"embeddable":true,"href":"https:\/\/www.europesays.com\/pt\/wp-json\/wp\/v2\/media\/125918"}],"wp:attachment":[{"href":"https:\/\/www.europesays.com\/pt\/wp-json\/wp\/v2\/media?parent=125917"}],"wp:term":[{"taxonomy":"category","embeddable":true,"href":"https:\/\/www.europesays.com\/pt\/wp-json\/wp\/v2\/categories?post=125917"},{"taxonomy":"post_tag","embeddable":true,"href":"https:\/\/www.europesays.com\/pt\/wp-json\/wp\/v2\/tags?post=125917"}],"curies":[{"name":"wp","href":"https:\/\/api.w.org\/{rel}","templated":true}]}}